{"id":7068,"date":"2023-08-07T09:23:00","date_gmt":"2023-08-07T12:23:00","guid":{"rendered":"https:\/\/deportesmil.com\/?p=7068"},"modified":"2023-08-07T23:30:59","modified_gmt":"2023-08-08T02:30:59","slug":"7-de-agosto-conmemoracion-de-la-batalla-de-boyaca-y-dia-del-ejercito-de-colombia","status":"publish","type":"post","link":"https:\/\/deportesmil.com\/?p=7068","title":{"rendered":"7 de agosto: Conmemoraci\u00f3n de la Batalla de Boyac\u00e1 y D\u00eda del Ej\u00e9rcito de Colombia"},"content":{"rendered":"\t\t<div data-elementor-type=\"wp-post\" data-elementor-id=\"7068\" class=\"elementor elementor-7068\" data-elementor-settings=\"{&quot;ha_cmc_init_switcher&quot;:&quot;no&quot;}\">\n\t\t\t\t\t\t<section class=\"elementor-section elementor-top-section elementor-element elementor-element-d1d4f64 elementor-section-full_width elementor-section-height-default elementor-section-height-default wpr-particle-no wpr-jarallax-no wpr-parallax-no wpr-sticky-section-no wpr-equal-height-no\" data-id=\"d1d4f64\" data-element_type=\"section\" data-e-type=\"section\" data-settings=\"{&quot;_ha_eqh_enable&quot;:false}\">\n\t\t\t\t\t\t<div class=\"elementor-container elementor-column-gap-default\">\n\t\t\t\t\t<div class=\"elementor-column elementor-col-100 elementor-top-column elementor-element elementor-element-d45515f contenedor-glassdos\" data-id=\"d45515f\" data-element_type=\"column\" data-e-type=\"column\">\n\t\t\t<div class=\"elementor-widget-wrap elementor-element-populated\">\n\t\t\t\t\t\t<section class=\"elementor-section elementor-inner-section elementor-element elementor-element-02d8a33 elementor-section-full_width elementor-section-height-default elementor-section-height-default wpr-particle-no wpr-jarallax-no wpr-parallax-no wpr-sticky-section-no wpr-equal-height-no\" data-id=\"02d8a33\" data-element_type=\"section\" data-e-type=\"section\" data-settings=\"{&quot;_ha_eqh_enable&quot;:false}\">\n\t\t\t\t\t\t<div class=\"elementor-container elementor-column-gap-default\">\n\t\t\t\t\t<div class=\"elementor-column elementor-col-50 elementor-inner-column elementor-element elementor-element-99ed0b8\" data-id=\"99ed0b8\" data-element_type=\"column\" data-e-type=\"column\">\n\t\t\t<div class=\"elementor-widget-wrap elementor-element-populated\">\n\t\t\t\t\t\t<div class=\"elementor-element elementor-element-7778da3 elementor-widget elementor-widget-image\" data-id=\"7778da3\" data-element_type=\"widget\" data-e-type=\"widget\" data-widget_type=\"image.default\">\n\t\t\t\t<div class=\"elementor-widget-container\">\n\t\t\t\t\t\t\t\t\t\t\t\t\t\t\t<img fetchpriority=\"high\" decoding=\"async\" width=\"1024\" height=\"458\" src=\"https:\/\/deportesmil.com\/wp-content\/uploads\/2023\/08\/ejercito-1024x458.jpg\" class=\"attachment-large size-large wp-image-7070\" alt=\"\" \/>\t\t\t\t\t\t\t\t\t\t\t\t\t\t\t<\/div>\n\t\t\t\t<\/div>\n\t\t\t\t<div class=\"elementor-element elementor-element-2b663fc elementor-widget elementor-widget-heading\" data-id=\"2b663fc\" data-element_type=\"widget\" data-e-type=\"widget\" data-widget_type=\"heading.default\">\n\t\t\t\t<div class=\"elementor-widget-container\">\n\t\t\t\t\t<h3 class=\"elementor-heading-title elementor-size-default\">7 de agosto: <br> \"213\u00ba Aniversario del Ej\u00e9rcito de Colombia y Conmemoraci\u00f3n de la Batalla de Boyac\u00e1\"<\/h3>\t\t\t\t<\/div>\n\t\t\t\t<\/div>\n\t\t\t\t<div class=\"elementor-element elementor-element-5d02839 elementor-widget elementor-widget-text-editor\" data-id=\"5d02839\" data-element_type=\"widget\" data-e-type=\"widget\" data-widget_type=\"text-editor.default\">\n\t\t\t\t<div class=\"elementor-widget-container\">\n\t\t\t\t\t\t\t\t\t<div class=\"xdj266r x11i5rnm xat24cr x1mh8g0r x1vvkbs x126k92a\"><div dir=\"auto\"><div class=\"summary\"><p><span lang=\"ES\">Adem\u00e1s de recordar la Batalla de Boyac\u00e1, este 7 de agosto, tambi\u00e9n conmemoramos a quienes d\u00eda a d\u00eda luchan por nuestra protecci\u00f3n, en el D\u00eda del Ej\u00e9rcito Nacional.<\/span><\/p><\/div><div class=\"clearfix text-formatted field field--name-field-contenido field--type-text-long field--label-visually_hidden\"><div class=\"field__label visually-hidden\">\u00a0<\/div><div class=\"field__item\"><p><span lang=\"ES\" xml:lang=\"ES\">El\u00a0<strong>7 de agosto<\/strong>\u00a0conmemoramos una de las batallas m\u00e1s importantes de la historia del pa\u00eds, la\u00a0<strong>Batalla de Boyac\u00e1,<\/strong> una fecha que recuerda el enfrentamiento entre el Ej\u00e9rcito Libertador y las tropas Realistas del Ej\u00e9rcito espa\u00f1ol, que ten\u00edan el objetivo de reconquistar el territorio.<\/span><\/p><p><span style=\"font-size: 16px;\">Sin embargo, tambi\u00e9n celebramos el<\/span><strong style=\"font-size: 16px;\">\u00a0D\u00eda del Ej\u00e9rcito Nacional,<\/strong><span style=\"font-size: 16px;\">\u00a0<\/span><strong style=\"font-size: 16px;\">en honor a los hombres que combatieron en la gesta libertadora<\/strong><span style=\"font-size: 16px;\">, y que gracias a su victoria sellaron la libertad y consolidaron una nueva naci\u00f3n.<\/span><\/p><p>En beneficio de\u00a0<strong>reivindicar y destacar la importancia<\/strong>\u00a0de aquellos actores que lucharon para lograr el triunfo de Colombia en la<strong>\u00a0Campa\u00f1a Libertadora de 1819<\/strong>, adem\u00e1s de los\u00a0<strong>servicios que presta el Ej\u00e9rcito Nacional de protecci\u00f3n y defensa<\/strong>\u00a0del territorio y la poblaci\u00f3n civil.<\/p><p><span lang=\"ES\" xml:lang=\"ES\">Las bases de lo que hoy conocemos como el<strong>\u00a0Ej\u00e9rcito Nacional<\/strong>, comenzaron con el teniente coronel\u00a0<strong>Antonio Baraya<\/strong>, quien fund\u00f3 y estuvo al mando de la instituci\u00f3n, que poco a poco evolucion\u00f3 para oficialmente crearse el concepto de Ej\u00e9rcito Nacional, que hoy conocemos, con\u00a0<strong>la constituci\u00f3n de 1886.<\/strong><\/span><\/p><p><span lang=\"ES\" xml:lang=\"ES\">\u201cFue\u00a0<strong>fundada un 23 de julio de 1810<\/strong>, all\u00ed naci\u00f3 a trav\u00e9s del Batall\u00f3n de Guardias Voluntarios cuando se da el\u00a0<strong>grito de independencia el 20 de julio de 1810<\/strong>, y 3 d\u00edas despu\u00e9s se da origen a nuestra instituci\u00f3n\u201d, explic\u00f3 el teniente Gustavo Arango, historiador del Ej\u00e9rcito Nacional.<\/span><\/p><p><span lang=\"ES\" xml:lang=\"ES\">Igualmente, se\u00f1al\u00f3 la importancia del\u00a0<strong>7 de agosto de 1819 con la Batalla en el puente de Boyac\u00e1<\/strong>, que permiti\u00f3 consolidar, despu\u00e9s de un proceso de 9 a\u00f1os que se dio en 1810, el proceso independentista.<\/span><\/p><\/div><\/div><\/div><\/div>\t\t\t\t\t\t\t\t<\/div>\n\t\t\t\t<\/div>\n\t\t\t\t<div class=\"elementor-element elementor-element-a556da6 elementor-widget elementor-widget-heading\" data-id=\"a556da6\" data-element_type=\"widget\" data-e-type=\"widget\" data-widget_type=\"heading.default\">\n\t\t\t\t<div class=\"elementor-widget-container\">\n\t\t\t\t\t<h2 class=\"elementor-heading-title elementor-size-large\"> \u00a1213\u00ba Aniversario del D\u00eda del Ej\u00e9rcito de Colombia! \n<br>   <small><small>#revistadeportesmil #deportesmil #RevistaDeportesMil #DiaDelEjercitoDeColombia #batalladeboyaca<\/small><\/small><\/h2>\t\t\t\t<\/div>\n\t\t\t\t<\/div>\n\t\t\t\t<div class=\"elementor-element elementor-element-a752fed elementor-widget elementor-widget-spacer\" data-id=\"a752fed\" data-element_type=\"widget\" data-e-type=\"widget\" data-widget_type=\"spacer.default\">\n\t\t\t\t<div class=\"elementor-widget-container\">\n\t\t\t\t\t\t\t<div class=\"elementor-spacer\">\n\t\t\t<div class=\"elementor-spacer-inner\"><\/div>\n\t\t<\/div>\n\t\t\t\t\t\t<\/div>\n\t\t\t\t<\/div>\n\t\t\t\t<div class=\"elementor-element elementor-element-3ce0f28 elementor-widget elementor-widget-ha-link-hover happy-addon ha-link-hover\" data-id=\"3ce0f28\" data-element_type=\"widget\" data-e-type=\"widget\" data-widget_type=\"ha-link-hover.default\">\n\t\t\t\t<div class=\"elementor-widget-container\">\n\t\t\t\t\t        <link-hover class=\"ha_content__item\">\n            <a href=\"https:\/\/www.canalinstitucional.tv\/te-interesa\/conmemoracion-dia-ejercito-nacional-7-agosto\" class=\"ha-link ha-link--carpo\"  target=\"_blank\" > &lt;b&gt;FUENTE ORIGINAL:&lt;\/b&gt; canalinstitucional.tv&lt;\/small&gt;&lt;br&gt;<\/a>\n        <\/link-hover>\t\t\t\t<\/div>\n\t\t\t\t<\/div>\n\t\t\t\t<div class=\"elementor-element elementor-element-387bd7b elementor-widget elementor-widget-spacer\" data-id=\"387bd7b\" data-element_type=\"widget\" data-e-type=\"widget\" data-widget_type=\"spacer.default\">\n\t\t\t\t<div class=\"elementor-widget-container\">\n\t\t\t\t\t\t\t<div class=\"elementor-spacer\">\n\t\t\t<div class=\"elementor-spacer-inner\"><\/div>\n\t\t<\/div>\n\t\t\t\t\t\t<\/div>\n\t\t\t\t<\/div>\n\t\t\t\t\t<\/div>\n\t\t<\/div>\n\t\t\t\t<div class=\"elementor-column elementor-col-50 elementor-inner-column elementor-element elementor-element-7b6c15c\" data-id=\"7b6c15c\" data-element_type=\"column\" data-e-type=\"column\">\n\t\t\t<div class=\"elementor-widget-wrap elementor-element-populated\">\n\t\t\t\t\t\t<div class=\"elementor-element elementor-element-114a53e elementor-widget elementor-widget-sidebar\" data-id=\"114a53e\" data-element_type=\"widget\" data-e-type=\"widget\" data-widget_type=\"sidebar.default\">\n\t\t\t\t<div class=\"elementor-widget-container\">\n\t\t\t\t\t<aside id=\"search-3\" class=\"widget widget_search\"><form  class=\"is-search-form is-form-style is-form-style-3 is-form-id-2484 \" action=\"https:\/\/deportesmil.com\/\" method=\"get\" role=\"search\" ><label for=\"is-search-input-2484\"><span class=\"is-screen-reader-text\">Buscar:<\/span><input  type=\"search\" id=\"is-search-input-2484\" name=\"s\" value=\"\" class=\"is-search-input\" placeholder=\"Busqueda...\" autocomplete=off \/><\/label><button type=\"submit\" class=\"is-search-submit\"><span class=\"is-screen-reader-text\">Bot\u00f3n de b\u00fasqueda<\/span><span class=\"is-search-icon\"><svg focusable=\"false\" aria-label=\"Buscar\" xmlns=\"http:\/\/www.w3.org\/2000\/svg\" viewBox=\"0 0 24 24\" width=\"24px\"><path d=\"M15.5 14h-.79l-.28-.27C15.41 12.59 16 11.11 16 9.5 16 5.91 13.09 3 9.5 3S3 5.91 3 9.5 5.91 16 9.5 16c1.61 0 3.09-.59 4.23-1.57l.27.28v.79l5 4.99L20.49 19l-4.99-5zm-6 0C7.01 14 5 11.99 5 9.5S7.01 5 9.5 5 14 7.01 14 9.5 11.99 14 9.5 14z\"><\/path><\/svg><\/span><\/button><input type=\"hidden\" name=\"post_type\" value=\"post\" \/><\/form><\/aside>\n\t\t<aside id=\"recent-posts-3\" class=\"widget widget_recent_entries\">\n\t\t<h2 class=\"widget-title\">Entradas recientes<\/h2><nav aria-label=\"Entradas recientes\">\n\t\t<ul>\n\t\t\t\t\t\t\t\t\t\t\t<li>\n\t\t\t\t\t<a href=\"https:\/\/deportesmil.com\/?p=7602\">02 DE ABRIL: D\u00eda del Veterano y de los Ca\u00eddos en las Malvinas<\/a>\n\t\t\t\t\t\t\t\t\t\t\t<span class=\"post-date\">2-abril-2026<\/span>\n\t\t\t\t\t\t\t\t\t<\/li>\n\t\t\t\t\t\t\t\t\t\t\t<li>\n\t\t\t\t\t<a href=\"https:\/\/deportesmil.com\/?p=7588\">Paz a sus restos.<\/a>\n\t\t\t\t\t\t\t\t\t\t\t<span class=\"post-date\">25-marzo-2026<\/span>\n\t\t\t\t\t\t\t\t\t<\/li>\n\t\t\t\t\t\t\t\t\t\t\t<li>\n\t\t\t\t\t<a href=\"https:\/\/deportesmil.com\/?p=7569\">Motoencuentro \u201cH\u00e9roes de Malvinas\u201d 2025<\/a>\n\t\t\t\t\t\t\t\t\t\t\t<span class=\"post-date\">19-agosto-2025<\/span>\n\t\t\t\t\t\t\t\t\t<\/li>\n\t\t\t\t\t\t\t\t\t\t\t<li>\n\t\t\t\t\t<a href=\"https:\/\/deportesmil.com\/?p=7560\">Aniversario del Ej\u00e9rcito Nacional de Colombia<\/a>\n\t\t\t\t\t\t\t\t\t\t\t<span class=\"post-date\">7-agosto-2025<\/span>\n\t\t\t\t\t\t\t\t\t<\/li>\n\t\t\t\t\t\t\t\t\t\t\t<li>\n\t\t\t\t\t<a href=\"https:\/\/deportesmil.com\/?p=7544\">29 de Mayo: D\u00eda del Ej\u00e9rcito<\/a>\n\t\t\t\t\t\t\t\t\t\t\t<span class=\"post-date\">29-mayo-2025<\/span>\n\t\t\t\t\t\t\t\t\t<\/li>\n\t\t\t\t\t\t\t\t\t\t\t<li>\n\t\t\t\t\t<a href=\"https:\/\/deportesmil.com\/?p=7534\">Edici\u00f3n Marzo 2025<\/a>\n\t\t\t\t\t\t\t\t\t\t\t<span class=\"post-date\">19-mayo-2025<\/span>\n\t\t\t\t\t\t\t\t\t<\/li>\n\t\t\t\t\t\t\t\t\t\t\t<li>\n\t\t\t\t\t<a href=\"https:\/\/deportesmil.com\/?p=7455\">\u00a1Feliz Aniversario, Promoci\u00f3n 36 de Infanter\u00eda de Marina!<\/a>\n\t\t\t\t\t\t\t\t\t\t\t<span class=\"post-date\">27-abril-2025<\/span>\n\t\t\t\t\t\t\t\t\t<\/li>\n\t\t\t\t\t\t\t\t\t\t\t<li>\n\t\t\t\t\t<a href=\"https:\/\/deportesmil.com\/?p=7447\">21 de Abril: Muere el Papa Francisco a los 88 a\u00f1os de edad<\/a>\n\t\t\t\t\t\t\t\t\t\t\t<span class=\"post-date\">22-abril-2025<\/span>\n\t\t\t\t\t\t\t\t\t<\/li>\n\t\t\t\t\t<\/ul>\n\n\t\t<\/nav><\/aside><aside id=\"archives-3\" class=\"widget widget_archive\"><h2 class=\"widget-title\">Archivos<\/h2><nav aria-label=\"Archivos\">\n\t\t\t<ul>\n\t\t\t\t\t<li><a href='https:\/\/deportesmil.com\/?m=202604'>abril 2026<\/a>&nbsp;(1)<\/li>\n\t<li><a href='https:\/\/deportesmil.com\/?m=202603'>marzo 2026<\/a>&nbsp;(1)<\/li>\n\t<li><a href='https:\/\/deportesmil.com\/?m=202508'>agosto 2025<\/a>&nbsp;(2)<\/li>\n\t<li><a href='https:\/\/deportesmil.com\/?m=202505'>mayo 2025<\/a>&nbsp;(2)<\/li>\n\t<li><a href='https:\/\/deportesmil.com\/?m=202504'>abril 2025<\/a>&nbsp;(3)<\/li>\n\t<li><a href='https:\/\/deportesmil.com\/?m=202412'>diciembre 2024<\/a>&nbsp;(1)<\/li>\n\t<li><a href='https:\/\/deportesmil.com\/?m=202405'>mayo 2024<\/a>&nbsp;(5)<\/li>\n\t<li><a href='https:\/\/deportesmil.com\/?m=202404'>abril 2024<\/a>&nbsp;(3)<\/li>\n\t<li><a href='https:\/\/deportesmil.com\/?m=202403'>marzo 2024<\/a>&nbsp;(3)<\/li>\n\t<li><a href='https:\/\/deportesmil.com\/?m=202402'>febrero 2024<\/a>&nbsp;(1)<\/li>\n\t<li><a href='https:\/\/deportesmil.com\/?m=202311'>noviembre 2023<\/a>&nbsp;(2)<\/li>\n\t<li><a href='https:\/\/deportesmil.com\/?m=202310'>octubre 2023<\/a>&nbsp;(1)<\/li>\n\t<li><a href='https:\/\/deportesmil.com\/?m=202309'>septiembre 2023<\/a>&nbsp;(2)<\/li>\n\t<li><a href='https:\/\/deportesmil.com\/?m=202308'>agosto 2023<\/a>&nbsp;(4)<\/li>\n\t<li><a href='https:\/\/deportesmil.com\/?m=202307'>julio 2023<\/a>&nbsp;(4)<\/li>\n\t<li><a href='https:\/\/deportesmil.com\/?m=202306'>junio 2023<\/a>&nbsp;(4)<\/li>\n\t<li><a href='https:\/\/deportesmil.com\/?m=202305'>mayo 2023<\/a>&nbsp;(7)<\/li>\n\t<li><a href='https:\/\/deportesmil.com\/?m=202304'>abril 2023<\/a>&nbsp;(1)<\/li>\n\t<li><a href='https:\/\/deportesmil.com\/?m=202302'>febrero 2023<\/a>&nbsp;(2)<\/li>\n\t<li><a href='https:\/\/deportesmil.com\/?m=202301'>enero 2023<\/a>&nbsp;(1)<\/li>\n\t<li><a href='https:\/\/deportesmil.com\/?m=202212'>diciembre 2022<\/a>&nbsp;(2)<\/li>\n\t<li><a href='https:\/\/deportesmil.com\/?m=202211'>noviembre 2022<\/a>&nbsp;(4)<\/li>\n\t<li><a href='https:\/\/deportesmil.com\/?m=202210'>octubre 2022<\/a>&nbsp;(4)<\/li>\n\t<li><a href='https:\/\/deportesmil.com\/?m=202209'>septiembre 2022<\/a>&nbsp;(1)<\/li>\n\t<li><a href='https:\/\/deportesmil.com\/?m=202208'>agosto 2022<\/a>&nbsp;(2)<\/li>\n\t<li><a href='https:\/\/deportesmil.com\/?m=202207'>julio 2022<\/a>&nbsp;(1)<\/li>\n\t<li><a href='https:\/\/deportesmil.com\/?m=202206'>junio 2022<\/a>&nbsp;(1)<\/li>\n\t<li><a href='https:\/\/deportesmil.com\/?m=202205'>mayo 2022<\/a>&nbsp;(9)<\/li>\n\t<li><a href='https:\/\/deportesmil.com\/?m=202204'>abril 2022<\/a>&nbsp;(2)<\/li>\n\t<li><a href='https:\/\/deportesmil.com\/?m=202203'>marzo 2022<\/a>&nbsp;(1)<\/li>\n\t<li><a href='https:\/\/deportesmil.com\/?m=202202'>febrero 2022<\/a>&nbsp;(3)<\/li>\n\t<li><a href='https:\/\/deportesmil.com\/?m=202111'>noviembre 2021<\/a>&nbsp;(4)<\/li>\n\t<li><a href='https:\/\/deportesmil.com\/?m=202110'>octubre 2021<\/a>&nbsp;(3)<\/li>\n\t<li><a href='https:\/\/deportesmil.com\/?m=202109'>septiembre 2021<\/a>&nbsp;(7)<\/li>\n\t<li><a href='https:\/\/deportesmil.com\/?m=202108'>agosto 2021<\/a>&nbsp;(4)<\/li>\n\t<li><a href='https:\/\/deportesmil.com\/?m=202107'>julio 2021<\/a>&nbsp;(1)<\/li>\n\t<li><a href='https:\/\/deportesmil.com\/?m=202106'>junio 2021<\/a>&nbsp;(7)<\/li>\n\t<li><a href='https:\/\/deportesmil.com\/?m=202004'>abril 2020<\/a>&nbsp;(2)<\/li>\n\t<li><a href='https:\/\/deportesmil.com\/?m=201304'>abril 2013<\/a>&nbsp;(1)<\/li>\n\t<li><a href='https:\/\/deportesmil.com\/?m=201102'>febrero 2011<\/a>&nbsp;(1)<\/li>\n\t\t\t<\/ul>\n\n\t\t\t<\/nav><\/aside><aside id=\"categories-3\" class=\"widget widget_categories\"><h2 class=\"widget-title\">Categor\u00edas<\/h2><nav aria-label=\"Categor\u00edas\">\n\t\t\t<ul>\n\t\t\t\t\t<li class=\"cat-item cat-item-45\"><a href=\"https:\/\/deportesmil.com\/?cat=45\">Deportes<\/a> (13)\n<\/li>\n\t<li class=\"cat-item cat-item-135\"><a href=\"https:\/\/deportesmil.com\/?cat=135\">Econom\u00eda y Finanzas<\/a> (2)\n<\/li>\n\t<li class=\"cat-item cat-item-47\"><a href=\"https:\/\/deportesmil.com\/?cat=47\">Ediciones Impresas (Digitalizadas)<\/a> (2)\n<\/li>\n\t<li class=\"cat-item cat-item-75\"><a href=\"https:\/\/deportesmil.com\/?cat=75\">Eventos<\/a> (1)\n<\/li>\n\t<li class=\"cat-item cat-item-70\"><a href=\"https:\/\/deportesmil.com\/?cat=70\">Malvinas<\/a> (11)\n<\/li>\n\t<li class=\"cat-item cat-item-46\"><a href=\"https:\/\/deportesmil.com\/?cat=46\">Noticias de Inter\u00e9s<\/a> (91)\n<\/li>\n\t\t\t<\/ul>\n\n\t\t\t<\/nav><\/aside><aside id=\"meta-3\" class=\"widget widget_meta\"><h2 class=\"widget-title\">Opciones de Usuario<\/h2><nav aria-label=\"Opciones de Usuario\">\n\t\t<ul>\n\t\t\t\t\t\t<li><a href=\"https:\/\/deportesmil.com\/?panel-admweb\">Acceder<\/a><\/li>\n\t\t\t<li><a href=\"https:\/\/deportesmil.com\/?feed=rss2\">Feed de entradas<\/a><\/li>\n\t\t\t<li><a href=\"https:\/\/deportesmil.com\/?feed=comments-rss2\">Feed de comentarios<\/a><\/li>\n\n\t\t\t<li><a href=\"https:\/\/es.wordpress.org\/\">WordPress.org<\/a><\/li>\n\t\t<\/ul>\n\n\t\t<\/nav><\/aside>\t\t\t\t<\/div>\n\t\t\t\t<\/div>\n\t\t\t\t\t<\/div>\n\t\t<\/div>\n\t\t\t\t\t<\/div>\n\t\t<\/section>\n\t\t\t\t\t<\/div>\n\t\t<\/div>\n\t\t\t\t\t<\/div>\n\t\t<\/section>\n\t\t\t\t<section class=\"elementor-section elementor-top-section elementor-element elementor-element-3c964ed elementor-section-full_width elementor-section-height-default elementor-section-height-default wpr-particle-no wpr-jarallax-no wpr-parallax-no wpr-sticky-section-no wpr-equal-height-no\" data-id=\"3c964ed\" data-element_type=\"section\" data-e-type=\"section\" data-settings=\"{&quot;_ha_eqh_enable&quot;:false}\">\n\t\t\t\t\t\t<div class=\"elementor-container elementor-column-gap-default\">\n\t\t\t\t\t<div class=\"elementor-column elementor-col-100 elementor-top-column elementor-element elementor-element-beb5e1b\" data-id=\"beb5e1b\" data-element_type=\"column\" data-e-type=\"column\">\n\t\t\t<div class=\"elementor-widget-wrap elementor-element-populated\">\n\t\t\t\t\t\t<div class=\"elementor-element elementor-element-80ecac0 elementor-widget elementor-widget-spacer\" data-id=\"80ecac0\" data-element_type=\"widget\" data-e-type=\"widget\" data-widget_type=\"spacer.default\">\n\t\t\t\t<div class=\"elementor-widget-container\">\n\t\t\t\t\t\t\t<div class=\"elementor-spacer\">\n\t\t\t<div class=\"elementor-spacer-inner\"><\/div>\n\t\t<\/div>\n\t\t\t\t\t\t<\/div>\n\t\t\t\t<\/div>\n\t\t\t\t\t<\/div>\n\t\t<\/div>\n\t\t\t\t\t<\/div>\n\t\t<\/section>\n\t\t\t\t<\/div>\n\t\t","protected":false},"excerpt":{"rendered":"<p>7 de agosto: &#8220;213\u00ba Aniversario del Ej\u00e9rcito de Colombia y Conmemoraci\u00f3n de la Batalla de Boyac\u00e1&#8221; Adem\u00e1s de recordar la Batalla de Boyac\u00e1, este 7 de agosto, tambi\u00e9n conmemoramos a quienes d\u00eda a d\u00eda luchan por nuestra protecci\u00f3n, en el D\u00eda del Ej\u00e9rcito Nacional. \u00a0 El\u00a07 de agosto\u00a0conmemoramos una de las batallas m\u00e1s importantes de la historia del pa\u00eds, la\u00a0Batalla de Boyac\u00e1, una fecha que recuerda el enfrentamiento entre el Ej\u00e9rcito Libertador y las tropas Realistas del Ej\u00e9rcito espa\u00f1ol, que ten\u00edan el objetivo de reconquistar el territorio. Sin embargo, tambi\u00e9n celebramos el\u00a0D\u00eda del Ej\u00e9rcito Nacional,\u00a0en honor a los hombres que combatieron en la gesta libertadora, y que gracias a su victoria sellaron la libertad y consolidaron una nueva naci\u00f3n. En beneficio de\u00a0reivindicar y destacar la importancia\u00a0de aquellos actores que lucharon para lograr el triunfo de Colombia en la\u00a0Campa\u00f1a Libertadora de 1819, adem\u00e1s de los\u00a0servicios que presta el Ej\u00e9rcito Nacional de protecci\u00f3n y defensa\u00a0del territorio y la poblaci\u00f3n civil. Las bases de lo que hoy conocemos como el\u00a0Ej\u00e9rcito Nacional, comenzaron con el teniente coronel\u00a0Antonio Baraya, quien fund\u00f3 y estuvo al mando de la instituci\u00f3n, que poco a poco evolucion\u00f3 para oficialmente crearse el concepto de Ej\u00e9rcito Nacional, que hoy conocemos, con\u00a0la constituci\u00f3n de 1886. \u201cFue\u00a0fundada un 23 de julio de 1810, all\u00ed naci\u00f3 a trav\u00e9s del Batall\u00f3n de Guardias Voluntarios cuando se da el\u00a0grito de independencia el 20 de julio de 1810, y 3 d\u00edas despu\u00e9s se da origen a nuestra instituci\u00f3n\u201d, explic\u00f3 el teniente Gustavo Arango, historiador del Ej\u00e9rcito Nacional. Igualmente, se\u00f1al\u00f3 la importancia del\u00a07 de agosto de 1819 con la Batalla en el puente de Boyac\u00e1, que permiti\u00f3 consolidar, despu\u00e9s de un proceso de 9 a\u00f1os que se dio en 1810, el proceso independentista. \u00a1213\u00ba Aniversario del D\u00eda del Ej\u00e9rcito de Colombia! #revistadeportesmil #deportesmil #RevistaDeportesMil #DiaDelEjercitoDeColombia #batalladeboyaca FUENTE ORIGINAL: canalinstitucional.tv<\/p>\n","protected":false},"author":1,"featured_media":7070,"comment_status":"closed","ping_status":"closed","sticky":false,"template":"elementor_header_footer","format":"standard","meta":{"site-sidebar-layout":"default","site-content-layout":"page-builder","ast-site-content-layout":"default","site-content-style":"default","site-sidebar-style":"default","ast-global-header-display":"","ast-banner-title-visibility":"","ast-main-header-display":"","ast-hfb-above-header-display":"","ast-hfb-below-header-display":"","ast-hfb-mobile-header-display":"","site-post-title":"","ast-breadcrumbs-content":"","ast-featured-img":"","footer-sml-layout":"","ast-disable-related-posts":"","theme-transparent-header-meta":"default","adv-header-id-meta":"","stick-header-meta":"","header-above-stick-meta":"","header-main-stick-meta":"","header-below-stick-meta":"","astra-migrate-meta-layouts":"default","ast-page-background-enabled":"default","ast-page-background-meta":{"desktop":{"background-color":"","background-image":"","background-repeat":"repeat","background-position":"center center","background-size":"auto","background-attachment":"scroll","background-type":"","background-media":"","overlay-type":"","overlay-color":"","overlay-opacity":"","overlay-gradient":""},"tablet":{"background-color":"","background-image":"","background-repeat":"repeat","background-position":"center center","background-size":"auto","background-attachment":"scroll","background-type":"","background-media":"","overlay-type":"","overlay-color":"","overlay-opacity":"","overlay-gradient":""},"mobile":{"background-color":"","background-image":"","background-repeat":"repeat","background-position":"center center","background-size":"auto","background-attachment":"scroll","background-type":"","background-media":"","overlay-type":"","overlay-color":"","overlay-opacity":"","overlay-gradient":""}},"ast-content-background-meta":{"desktop":{"background-color":"var(--ast-global-color-5)","background-image":"","background-repeat":"repeat","background-position":"center center","background-size":"auto","background-attachment":"scroll","background-type":"","background-media":"","overlay-type":"","overlay-color":"","overlay-opacity":"","overlay-gradient":""},"tablet":{"background-color":"var(--ast-global-color-5)","background-image":"","background-repeat":"repeat","background-position":"center center","background-size":"auto","background-attachment":"scroll","background-type":"","background-media":"","overlay-type":"","overlay-color":"","overlay-opacity":"","overlay-gradient":""},"mobile":{"background-color":"var(--ast-global-color-5)","background-image":"","background-repeat":"repeat","background-position":"center center","background-size":"auto","background-attachment":"scroll","background-type":"","background-media":"","overlay-type":"","overlay-color":"","overlay-opacity":"","overlay-gradient":""}},"pgc_sgb_lightbox_settings":"","footnotes":""},"categories":[46],"tags":[88,189,127,126,188,94,187],"class_list":["post-7068","post","type-post","status-publish","format-standard","has-post-thumbnail","hentry","category-info-web-deportesmil","tag-argentina","tag-batalla-de-boyaca","tag-deportes-mil","tag-deportesmil","tag-dia-del-ejercito-de-colombia","tag-efemerides","tag-ejercito-de-colombia"],"_links":{"self":[{"href":"https:\/\/deportesmil.com\/index.php?rest_route=\/wp\/v2\/posts\/7068","targetHints":{"allow":["GET"]}}],"collection":[{"href":"https:\/\/deportesmil.com\/index.php?rest_route=\/wp\/v2\/posts"}],"about":[{"href":"https:\/\/deportesmil.com\/index.php?rest_route=\/wp\/v2\/types\/post"}],"author":[{"embeddable":true,"href":"https:\/\/deportesmil.com\/index.php?rest_route=\/wp\/v2\/users\/1"}],"replies":[{"embeddable":true,"href":"https:\/\/deportesmil.com\/index.php?rest_route=%2Fwp%2Fv2%2Fcomments&post=7068"}],"version-history":[{"count":11,"href":"https:\/\/deportesmil.com\/index.php?rest_route=\/wp\/v2\/posts\/7068\/revisions"}],"predecessor-version":[{"id":7080,"href":"https:\/\/deportesmil.com\/index.php?rest_route=\/wp\/v2\/posts\/7068\/revisions\/7080"}],"wp:featuredmedia":[{"embeddable":true,"href":"https:\/\/deportesmil.com\/index.php?rest_route=\/wp\/v2\/media\/7070"}],"wp:attachment":[{"href":"https:\/\/deportesmil.com\/index.php?rest_route=%2Fwp%2Fv2%2Fmedia&parent=7068"}],"wp:term":[{"taxonomy":"category","embeddable":true,"href":"https:\/\/deportesmil.com\/index.php?rest_route=%2Fwp%2Fv2%2Fcategories&post=7068"},{"taxonomy":"post_tag","embeddable":true,"href":"https:\/\/deportesmil.com\/index.php?rest_route=%2Fwp%2Fv2%2Ftags&post=7068"}],"curies":[{"name":"wp","href":"https:\/\/api.w.org\/{rel}","templated":true}]}}