{"id":6840,"date":"2023-05-30T21:40:14","date_gmt":"2023-05-31T00:40:14","guid":{"rendered":"https:\/\/deportesmil.com\/?p=6840"},"modified":"2023-06-07T22:16:12","modified_gmt":"2023-06-08T01:16:12","slug":"la-fragata-ara-libertad-zarpo-en-su-viaje-de-instruccion-para-los-futuros-oficiales-de-la-armada","status":"publish","type":"post","link":"https:\/\/deportesmil.com\/?p=6840","title":{"rendered":"La fragata ARA Libertad zarp\u00f3 en su viaje de instrucci\u00f3n para los futuros oficiales de la Armada"},"content":{"rendered":"\t\t<div data-elementor-type=\"wp-post\" data-elementor-id=\"6840\" class=\"elementor elementor-6840\" data-elementor-settings=\"{&quot;ha_cmc_init_switcher&quot;:&quot;no&quot;}\">\n\t\t\t\t\t\t<section class=\"elementor-section elementor-top-section elementor-element elementor-element-d1d4f64 elementor-section-full_width elementor-section-height-default elementor-section-height-default wpr-particle-no wpr-jarallax-no wpr-parallax-no wpr-sticky-section-no wpr-equal-height-no\" data-id=\"d1d4f64\" data-element_type=\"section\" data-e-type=\"section\" data-settings=\"{&quot;_ha_eqh_enable&quot;:false}\">\n\t\t\t\t\t\t<div class=\"elementor-container elementor-column-gap-default\">\n\t\t\t\t\t<div class=\"elementor-column elementor-col-100 elementor-top-column elementor-element elementor-element-d45515f contenedor-glassdos\" data-id=\"d45515f\" data-element_type=\"column\" data-e-type=\"column\">\n\t\t\t<div class=\"elementor-widget-wrap elementor-element-populated\">\n\t\t\t\t\t\t<section class=\"elementor-section elementor-inner-section elementor-element elementor-element-02d8a33 elementor-section-full_width elementor-section-height-default elementor-section-height-default wpr-particle-no wpr-jarallax-no wpr-parallax-no wpr-sticky-section-no wpr-equal-height-no\" data-id=\"02d8a33\" data-element_type=\"section\" data-e-type=\"section\" data-settings=\"{&quot;_ha_eqh_enable&quot;:false}\">\n\t\t\t\t\t\t<div class=\"elementor-container elementor-column-gap-default\">\n\t\t\t\t\t<div class=\"elementor-column elementor-col-50 elementor-inner-column elementor-element elementor-element-99ed0b8\" data-id=\"99ed0b8\" data-element_type=\"column\" data-e-type=\"column\">\n\t\t\t<div class=\"elementor-widget-wrap elementor-element-populated\">\n\t\t\t\t\t\t<div class=\"elementor-element elementor-element-5e3c006 elementor-widget elementor-widget-image\" data-id=\"5e3c006\" data-element_type=\"widget\" data-e-type=\"widget\" data-widget_type=\"image.default\">\n\t\t\t\t<div class=\"elementor-widget-container\">\n\t\t\t\t\t\t\t\t\t\t\t\t\t\t\t<img fetchpriority=\"high\" decoding=\"async\" width=\"850\" height=\"480\" src=\"https:\/\/deportesmil.com\/wp-content\/uploads\/2023\/05\/FRLI-arribo-a-Irlanda-1.jpeg\" class=\"attachment-large size-large wp-image-6842\" alt=\"\" srcset=\"https:\/\/deportesmil.com\/wp-content\/uploads\/2023\/05\/FRLI-arribo-a-Irlanda-1.jpeg 850w, https:\/\/deportesmil.com\/wp-content\/uploads\/2023\/05\/FRLI-arribo-a-Irlanda-1-300x169.jpeg 300w, https:\/\/deportesmil.com\/wp-content\/uploads\/2023\/05\/FRLI-arribo-a-Irlanda-1-768x434.jpeg 768w, https:\/\/deportesmil.com\/wp-content\/uploads\/2023\/05\/FRLI-arribo-a-Irlanda-1-570x322.jpeg 570w, https:\/\/deportesmil.com\/wp-content\/uploads\/2023\/05\/FRLI-arribo-a-Irlanda-1-270x152.jpeg 270w, https:\/\/deportesmil.com\/wp-content\/uploads\/2023\/05\/FRLI-arribo-a-Irlanda-1-600x339.jpeg 600w\" sizes=\"(max-width: 850px) 100vw, 850px\" \/>\t\t\t\t\t\t\t\t\t\t\t\t\t\t\t<\/div>\n\t\t\t\t<\/div>\n\t\t\t\t<div class=\"elementor-element elementor-element-08e773f elementor-widget elementor-widget-heading\" data-id=\"08e773f\" data-element_type=\"widget\" data-e-type=\"widget\" data-widget_type=\"heading.default\">\n\t\t\t\t<div class=\"elementor-widget-container\">\n\t\t\t\t\t<h2 class=\"elementor-heading-title elementor-size-large\">La fragata ARA Libertad zarp\u00f3 en su viaje de instrucci\u00f3n para los futuros oficiales de la Armada<\/h2>\t\t\t\t<\/div>\n\t\t\t\t<\/div>\n\t\t\t\t<div class=\"elementor-element elementor-element-5d02839 elementor-widget elementor-widget-text-editor\" data-id=\"5d02839\" data-element_type=\"widget\" data-e-type=\"widget\" data-widget_type=\"text-editor.default\">\n\t\t\t\t<div class=\"elementor-widget-container\">\n\t\t\t\t\t\t\t\t\t<div>\n<p style=\"text-align: justify;\">La fragata\u00a0<em style=\"background-color: initial;\">ARA Libertad<\/em> zarp\u00f3 del <strong style=\"background-color: initial;\">Apostadero Naval Buenos Aires<\/strong>\u00a0para iniciar\u00a0su 51\u00b0 viaje de instrucci\u00f3n, donde culminar\u00e1 la preparaci\u00f3n de futuros oficiales de la Armada. Durante su periplo de cinco meses har\u00e1 puerto en diez pa\u00edses de Am\u00e9rica antes de regresar a la Argentina.\u00a0La tripulaci\u00f3n de la fragata est\u00e1 compuesta por 270 personas, 26 oficiales, 51 guardiamarinas en comisi\u00f3n, dos de ellos\u00a0becados de las Armadas de Bolivia y de Panam\u00e1; y 192 suboficiales.<\/p>\n<p style=\"text-align: justify;\">Navegar\u00e1n adem\u00e1s\u00a0oficiales invitados de institutos de formaci\u00f3n de la <strong>Armada Argentina<\/strong>; del <strong>Ej\u00e9rcito Argentino<\/strong>, <strong>Fuerza A\u00e9rea Argentina<\/strong>, <strong>Gendarmer\u00eda Nacional<\/strong>, <strong>Prefectura Naval Argentina<\/strong>, y del <strong>Instituto del Servicio Exterior de la Naci\u00f3n<\/strong>. A lo largo del viaje participar\u00e1n oficiales de las Armadas de Bolivia, Brasil, Chile, M\u00e9xico, Paraguay, y Portugal.<\/p>\n<p style=\"text-align: justify;\">El comandante, capit\u00e1n de Nav\u00edo <strong style=\"background-color: initial;\">Gonzalo Horacio Nieto<\/strong>, comentaba en febrero\u00a0a <i style=\"background-color: initial;\">Infodefensa.com<\/i> el sentimiento de comandar a la embajadora de los mares: \u201cEs un orgullo profesional muy grande. Es innegable que la Fragata Libertad es un buque muy representativo de la Argentina, principalmente por la labor que desarrolla, por la historia del buque, por el tipo del buque que es, por lo que representa para el pa\u00eds y para todos los oficiales egresados navales\u201d.<\/p>\n<img decoding=\"async\" src=\"https:\/\/www.infodefensa.com\/images\/showid2\/5971397?w=1200&#038;zc=4\" alt=\"DSC 9561 1\" \/>\n<p style=\"text-align: right;\"><em>Capit\u00e1n de Nav\u00edo\u00a0<\/em><em>Gonzalo Horacio Nieto Foto: Gonzalo Mary<\/em><\/p>\n<p style=\"text-align: justify;\">El viaje durar\u00e1 161 d\u00edas, con 116 d\u00edas de navegaci\u00f3n, recorriendo un total de 18.260 millas n\u00e1uticas (aproximadamente 33.800 kil\u00f3metros). Est\u00e1 previsto que la embarcaci\u00f3n haga puerto en Salvador de Bah\u00eda (Brasil), Puerto Espa\u00f1a (Trinidad y Tobago), Baltimore (Estados Unidos de Am\u00e9rica), Cartagena de Indias (Colombia), Veracruz (M\u00e9xico), Lim\u00f3n (Costa Rica), Balboa (Panam\u00e1), Guayaquil (Ecuador), El Callao (Per\u00fa), Valpara\u00edso (Chile), Ushuaia (Argentina), Puerto Madryn (Argentina), finalizando su recorrido en Buenos Aires.<\/p>\n<p style=\"text-align: justify;\"><strong>Orden de zarpar<\/strong><\/p>\n<p style=\"text-align: justify;\">D\u00edas antes, el ministro de <strong>Defensa<\/strong>, <strong>Jorge Taiana<\/strong>, junto al jefe de la Armada Argentina, almirante <strong>Julio Horacio Guardia<\/strong>, encabezaron el acto de lectura de la orden de zarpada de la fragata. Taiana afirm\u00f3 que\u00a0\u201ceste nuevo viaje de la Embajadora de los Mares reafirma la vocaci\u00f3n de paz de la Argentina, de su hermandad con los pa\u00edses de la regi\u00f3n y de su gran tarea de instrucci\u00f3n y perfeccionamiento de los guardiamarinas\u201d. El titular de Defensa agreg\u00f3 que\u00a0\u201cla fragata <em>Libertad <\/em>tiene un valor simb\u00f3lico grande, en este viaje nuestros j\u00f3venes oficiales varones y mujeres, tendr\u00e1n una oportunidad extraordinaria de completar su entrenamiento y de representar al pa\u00eds con orgullo y honor\u201d.<\/p>\n<img decoding=\"async\" src=\"https:\/\/www.infodefensa.com\/images\/showid2\/5971399?w=1200&#038;zc=4\" alt=\"DSC 9569\" \/>\n<p style=\"text-align: right;\"><em>Despedida de la tripulacion Foto: Gonzalo Mary<\/em><\/p>\n<p style=\"text-align: justify;\">Por su parte, Guardia se dirigi\u00f3 a los guardiamarinas con estas palabras: \u201cEste viaje pondr\u00e1 a prueba sus aptitudes profesionales como marinos y su disposici\u00f3n para la vida en el mar. Ser\u00e1 tambi\u00e9n vuestra primera experiencia en el mando y en el ejercicio de la conducci\u00f3n\u201d, concluyendo que\u00a0\u201cnuestros espacios mar\u00edtimos poseen un alt\u00edsimo valor estrat\u00e9gico, que hacen imprescindible contar con un recurso humano capaz de afrontar los desaf\u00edos del futuro. Aprovechen al m\u00e1ximo cada oportunidad, para aquilatar las ense\u00f1anzas que ser\u00e1n de gran utilidad en sus carreras\u201d.<\/p>\n<p style=\"text-align: justify;\">Tambi\u00e9n asistieron los jefes del <strong>Estado Mayor Conjunto<\/strong> de las Fuerzas Armadas, el teniente general <strong>Juan Mart\u00edn Paleo<\/strong>; de la <strong>Fuerza A\u00e9rea<\/strong>, brigadier general <strong>Xavier Juli\u00e1n Isaac<\/strong>; y del <strong>Ej\u00e9rcito<\/strong>, teniente general <strong>Guillermo Olegario Pereda<\/strong>.<\/p>\n&nbsp;\n<em>Infodefensa.com<\/em>\u00a0<\/strong><strong style=\"background-color: initial; font-family: 'Open Sans', sans-serif; text-align: justify;\">a bordo de la embajada argentina en el mar<\/strong>\n<p style=\"text-align: justify;\"><em>Infodefensa.com<\/em> particip\u00f3 entre el 22 y 24 de febrero en una de las primeras navegaciones de la fragata <em>ARA Libertad<\/em> en su preparaci\u00f3n para este viaje. El buque parti\u00f3 desde el puerto de Mar del Plata, provincia de Buenos Aires, con rumbo al sur hacia el puerto de Ingeniero White, antes de dirigirse a la <strong>Base Naval Puerto Belgrano<\/strong>, donde se realizaron reparaciones para alistarla para este viaje. Durante la traves\u00eda <a href=\"https:\/\/www.infodefensa.com\/texto-diario\/mostrar\/4200287\/bordo-embajada-argentina-mar-1\">dialogamos con el comandante<\/a>, <a href=\"https:\/\/www.infodefensa.com\/texto-diario\/mostrar\/4200292\/vida-mar-fragata-libertad-argentina\">con la tripulaci\u00f3n, realizamos diversas actividades<\/a> y visitamos toda\u00a0<a href=\"https:\/\/www.infodefensa.com\/texto-diario\/mostrar\/4200288\/corazon-fragata-ara-libertad-2\">la nave<\/a>.<\/p>\n<img decoding=\"async\" src=\"https:\/\/www.infodefensa.com\/images\/showid2\/5971398?w=1200&#038;zc=4\" alt=\"DSC 9579\" \/>\n<p style=\"text-align: right;\"><em>Fragata ARA Libertad Foto: Gonzalo Mary<\/em><\/p>\n\n<\/div>\t\t\t\t\t\t\t\t<\/div>\n\t\t\t\t<\/div>\n\t\t\t\t<div class=\"elementor-element elementor-element-a752fed elementor-widget elementor-widget-spacer\" data-id=\"a752fed\" data-element_type=\"widget\" data-e-type=\"widget\" data-widget_type=\"spacer.default\">\n\t\t\t\t<div class=\"elementor-widget-container\">\n\t\t\t\t\t\t\t<div class=\"elementor-spacer\">\n\t\t\t<div class=\"elementor-spacer-inner\"><\/div>\n\t\t<\/div>\n\t\t\t\t\t\t<\/div>\n\t\t\t\t<\/div>\n\t\t\t\t<div class=\"elementor-element elementor-element-3ce0f28 elementor-widget elementor-widget-ha-link-hover happy-addon ha-link-hover\" data-id=\"3ce0f28\" data-element_type=\"widget\" data-e-type=\"widget\" data-widget_type=\"ha-link-hover.default\">\n\t\t\t\t<div class=\"elementor-widget-container\">\n\t\t\t\t\t        <link-hover class=\"ha_content__item\">\n            <a href=\"https:\/\/www.infodefensa.com\/texto-diario\/mostrar\/4307428\/fragata-ara-libertad-zarpo-51-viaje-instruccion\" class=\"ha-link ha-link--carpo\"  target=\"_blank\" > &lt;b&gt;FUENTE ORIGINAL:&lt;\/b&gt; infodefensa.com<\/a>\n        <\/link-hover>\t\t\t\t<\/div>\n\t\t\t\t<\/div>\n\t\t\t\t<div class=\"elementor-element elementor-element-387bd7b elementor-widget elementor-widget-spacer\" data-id=\"387bd7b\" data-element_type=\"widget\" data-e-type=\"widget\" data-widget_type=\"spacer.default\">\n\t\t\t\t<div class=\"elementor-widget-container\">\n\t\t\t\t\t\t\t<div class=\"elementor-spacer\">\n\t\t\t<div class=\"elementor-spacer-inner\"><\/div>\n\t\t<\/div>\n\t\t\t\t\t\t<\/div>\n\t\t\t\t<\/div>\n\t\t\t\t\t<\/div>\n\t\t<\/div>\n\t\t\t\t<div class=\"elementor-column elementor-col-50 elementor-inner-column elementor-element elementor-element-7b6c15c\" data-id=\"7b6c15c\" data-element_type=\"column\" data-e-type=\"column\">\n\t\t\t<div class=\"elementor-widget-wrap elementor-element-populated\">\n\t\t\t\t\t\t<div class=\"elementor-element elementor-element-114a53e elementor-widget elementor-widget-sidebar\" data-id=\"114a53e\" data-element_type=\"widget\" data-e-type=\"widget\" data-widget_type=\"sidebar.default\">\n\t\t\t\t<div class=\"elementor-widget-container\">\n\t\t\t\t\t<aside id=\"search-3\" class=\"widget widget_search\"><form  class=\"is-search-form is-form-style is-form-style-3 is-form-id-2484 \" action=\"https:\/\/deportesmil.com\/\" method=\"get\" role=\"search\" ><label for=\"is-search-input-2484\"><span class=\"is-screen-reader-text\">Buscar:<\/span><input  type=\"search\" id=\"is-search-input-2484\" name=\"s\" value=\"\" class=\"is-search-input\" placeholder=\"Busqueda...\" autocomplete=off \/><\/label><button type=\"submit\" class=\"is-search-submit\"><span class=\"is-screen-reader-text\">Bot\u00f3n de b\u00fasqueda<\/span><span class=\"is-search-icon\"><svg focusable=\"false\" aria-label=\"Buscar\" xmlns=\"http:\/\/www.w3.org\/2000\/svg\" viewBox=\"0 0 24 24\" width=\"24px\"><path d=\"M15.5 14h-.79l-.28-.27C15.41 12.59 16 11.11 16 9.5 16 5.91 13.09 3 9.5 3S3 5.91 3 9.5 5.91 16 9.5 16c1.61 0 3.09-.59 4.23-1.57l.27.28v.79l5 4.99L20.49 19l-4.99-5zm-6 0C7.01 14 5 11.99 5 9.5S7.01 5 9.5 5 14 7.01 14 9.5 11.99 14 9.5 14z\"><\/path><\/svg><\/span><\/button><input type=\"hidden\" name=\"post_type\" value=\"post\" \/><\/form><\/aside>\n\t\t<aside id=\"recent-posts-3\" class=\"widget widget_recent_entries\">\n\t\t<h2 class=\"widget-title\">Entradas recientes<\/h2><nav aria-label=\"Entradas recientes\">\n\t\t<ul>\n\t\t\t\t\t\t\t\t\t\t\t<li>\n\t\t\t\t\t<a href=\"https:\/\/deportesmil.com\/?p=7602\">02 DE ABRIL: D\u00eda del Veterano y de los Ca\u00eddos en las Malvinas<\/a>\n\t\t\t\t\t\t\t\t\t\t\t<span class=\"post-date\">2-abril-2026<\/span>\n\t\t\t\t\t\t\t\t\t<\/li>\n\t\t\t\t\t\t\t\t\t\t\t<li>\n\t\t\t\t\t<a href=\"https:\/\/deportesmil.com\/?p=7588\">Paz a sus restos.<\/a>\n\t\t\t\t\t\t\t\t\t\t\t<span class=\"post-date\">25-marzo-2026<\/span>\n\t\t\t\t\t\t\t\t\t<\/li>\n\t\t\t\t\t\t\t\t\t\t\t<li>\n\t\t\t\t\t<a href=\"https:\/\/deportesmil.com\/?p=7569\">Motoencuentro \u201cH\u00e9roes de Malvinas\u201d 2025<\/a>\n\t\t\t\t\t\t\t\t\t\t\t<span class=\"post-date\">19-agosto-2025<\/span>\n\t\t\t\t\t\t\t\t\t<\/li>\n\t\t\t\t\t\t\t\t\t\t\t<li>\n\t\t\t\t\t<a href=\"https:\/\/deportesmil.com\/?p=7560\">Aniversario del Ej\u00e9rcito Nacional de Colombia<\/a>\n\t\t\t\t\t\t\t\t\t\t\t<span class=\"post-date\">7-agosto-2025<\/span>\n\t\t\t\t\t\t\t\t\t<\/li>\n\t\t\t\t\t\t\t\t\t\t\t<li>\n\t\t\t\t\t<a href=\"https:\/\/deportesmil.com\/?p=7544\">29 de Mayo: D\u00eda del Ej\u00e9rcito<\/a>\n\t\t\t\t\t\t\t\t\t\t\t<span class=\"post-date\">29-mayo-2025<\/span>\n\t\t\t\t\t\t\t\t\t<\/li>\n\t\t\t\t\t\t\t\t\t\t\t<li>\n\t\t\t\t\t<a href=\"https:\/\/deportesmil.com\/?p=7534\">Edici\u00f3n Marzo 2025<\/a>\n\t\t\t\t\t\t\t\t\t\t\t<span class=\"post-date\">19-mayo-2025<\/span>\n\t\t\t\t\t\t\t\t\t<\/li>\n\t\t\t\t\t\t\t\t\t\t\t<li>\n\t\t\t\t\t<a href=\"https:\/\/deportesmil.com\/?p=7455\">\u00a1Feliz Aniversario, Promoci\u00f3n 36 de Infanter\u00eda de Marina!<\/a>\n\t\t\t\t\t\t\t\t\t\t\t<span class=\"post-date\">27-abril-2025<\/span>\n\t\t\t\t\t\t\t\t\t<\/li>\n\t\t\t\t\t\t\t\t\t\t\t<li>\n\t\t\t\t\t<a href=\"https:\/\/deportesmil.com\/?p=7447\">21 de Abril: Muere el Papa Francisco a los 88 a\u00f1os de edad<\/a>\n\t\t\t\t\t\t\t\t\t\t\t<span class=\"post-date\">22-abril-2025<\/span>\n\t\t\t\t\t\t\t\t\t<\/li>\n\t\t\t\t\t<\/ul>\n\n\t\t<\/nav><\/aside><aside id=\"archives-3\" class=\"widget widget_archive\"><h2 class=\"widget-title\">Archivos<\/h2><nav aria-label=\"Archivos\">\n\t\t\t<ul>\n\t\t\t\t\t<li><a href='https:\/\/deportesmil.com\/?m=202604'>abril 2026<\/a>&nbsp;(1)<\/li>\n\t<li><a href='https:\/\/deportesmil.com\/?m=202603'>marzo 2026<\/a>&nbsp;(1)<\/li>\n\t<li><a href='https:\/\/deportesmil.com\/?m=202508'>agosto 2025<\/a>&nbsp;(2)<\/li>\n\t<li><a href='https:\/\/deportesmil.com\/?m=202505'>mayo 2025<\/a>&nbsp;(2)<\/li>\n\t<li><a href='https:\/\/deportesmil.com\/?m=202504'>abril 2025<\/a>&nbsp;(3)<\/li>\n\t<li><a href='https:\/\/deportesmil.com\/?m=202412'>diciembre 2024<\/a>&nbsp;(1)<\/li>\n\t<li><a href='https:\/\/deportesmil.com\/?m=202405'>mayo 2024<\/a>&nbsp;(5)<\/li>\n\t<li><a href='https:\/\/deportesmil.com\/?m=202404'>abril 2024<\/a>&nbsp;(3)<\/li>\n\t<li><a href='https:\/\/deportesmil.com\/?m=202403'>marzo 2024<\/a>&nbsp;(3)<\/li>\n\t<li><a href='https:\/\/deportesmil.com\/?m=202402'>febrero 2024<\/a>&nbsp;(1)<\/li>\n\t<li><a href='https:\/\/deportesmil.com\/?m=202311'>noviembre 2023<\/a>&nbsp;(2)<\/li>\n\t<li><a href='https:\/\/deportesmil.com\/?m=202310'>octubre 2023<\/a>&nbsp;(1)<\/li>\n\t<li><a href='https:\/\/deportesmil.com\/?m=202309'>septiembre 2023<\/a>&nbsp;(2)<\/li>\n\t<li><a href='https:\/\/deportesmil.com\/?m=202308'>agosto 2023<\/a>&nbsp;(4)<\/li>\n\t<li><a href='https:\/\/deportesmil.com\/?m=202307'>julio 2023<\/a>&nbsp;(4)<\/li>\n\t<li><a href='https:\/\/deportesmil.com\/?m=202306'>junio 2023<\/a>&nbsp;(4)<\/li>\n\t<li><a href='https:\/\/deportesmil.com\/?m=202305'>mayo 2023<\/a>&nbsp;(7)<\/li>\n\t<li><a href='https:\/\/deportesmil.com\/?m=202304'>abril 2023<\/a>&nbsp;(1)<\/li>\n\t<li><a href='https:\/\/deportesmil.com\/?m=202302'>febrero 2023<\/a>&nbsp;(2)<\/li>\n\t<li><a href='https:\/\/deportesmil.com\/?m=202301'>enero 2023<\/a>&nbsp;(1)<\/li>\n\t<li><a href='https:\/\/deportesmil.com\/?m=202212'>diciembre 2022<\/a>&nbsp;(2)<\/li>\n\t<li><a href='https:\/\/deportesmil.com\/?m=202211'>noviembre 2022<\/a>&nbsp;(4)<\/li>\n\t<li><a href='https:\/\/deportesmil.com\/?m=202210'>octubre 2022<\/a>&nbsp;(4)<\/li>\n\t<li><a href='https:\/\/deportesmil.com\/?m=202209'>septiembre 2022<\/a>&nbsp;(1)<\/li>\n\t<li><a href='https:\/\/deportesmil.com\/?m=202208'>agosto 2022<\/a>&nbsp;(2)<\/li>\n\t<li><a href='https:\/\/deportesmil.com\/?m=202207'>julio 2022<\/a>&nbsp;(1)<\/li>\n\t<li><a href='https:\/\/deportesmil.com\/?m=202206'>junio 2022<\/a>&nbsp;(1)<\/li>\n\t<li><a href='https:\/\/deportesmil.com\/?m=202205'>mayo 2022<\/a>&nbsp;(9)<\/li>\n\t<li><a href='https:\/\/deportesmil.com\/?m=202204'>abril 2022<\/a>&nbsp;(2)<\/li>\n\t<li><a href='https:\/\/deportesmil.com\/?m=202203'>marzo 2022<\/a>&nbsp;(1)<\/li>\n\t<li><a href='https:\/\/deportesmil.com\/?m=202202'>febrero 2022<\/a>&nbsp;(3)<\/li>\n\t<li><a href='https:\/\/deportesmil.com\/?m=202111'>noviembre 2021<\/a>&nbsp;(4)<\/li>\n\t<li><a href='https:\/\/deportesmil.com\/?m=202110'>octubre 2021<\/a>&nbsp;(3)<\/li>\n\t<li><a href='https:\/\/deportesmil.com\/?m=202109'>septiembre 2021<\/a>&nbsp;(7)<\/li>\n\t<li><a href='https:\/\/deportesmil.com\/?m=202108'>agosto 2021<\/a>&nbsp;(4)<\/li>\n\t<li><a href='https:\/\/deportesmil.com\/?m=202107'>julio 2021<\/a>&nbsp;(1)<\/li>\n\t<li><a href='https:\/\/deportesmil.com\/?m=202106'>junio 2021<\/a>&nbsp;(7)<\/li>\n\t<li><a href='https:\/\/deportesmil.com\/?m=202004'>abril 2020<\/a>&nbsp;(2)<\/li>\n\t<li><a href='https:\/\/deportesmil.com\/?m=201304'>abril 2013<\/a>&nbsp;(1)<\/li>\n\t<li><a href='https:\/\/deportesmil.com\/?m=201102'>febrero 2011<\/a>&nbsp;(1)<\/li>\n\t\t\t<\/ul>\n\n\t\t\t<\/nav><\/aside><aside id=\"categories-3\" class=\"widget widget_categories\"><h2 class=\"widget-title\">Categor\u00edas<\/h2><nav aria-label=\"Categor\u00edas\">\n\t\t\t<ul>\n\t\t\t\t\t<li class=\"cat-item cat-item-45\"><a href=\"https:\/\/deportesmil.com\/?cat=45\">Deportes<\/a> (13)\n<\/li>\n\t<li class=\"cat-item cat-item-135\"><a href=\"https:\/\/deportesmil.com\/?cat=135\">Econom\u00eda y Finanzas<\/a> (2)\n<\/li>\n\t<li class=\"cat-item cat-item-47\"><a href=\"https:\/\/deportesmil.com\/?cat=47\">Ediciones Impresas (Digitalizadas)<\/a> (2)\n<\/li>\n\t<li class=\"cat-item cat-item-75\"><a href=\"https:\/\/deportesmil.com\/?cat=75\">Eventos<\/a> (1)\n<\/li>\n\t<li class=\"cat-item cat-item-70\"><a href=\"https:\/\/deportesmil.com\/?cat=70\">Malvinas<\/a> (11)\n<\/li>\n\t<li class=\"cat-item cat-item-46\"><a href=\"https:\/\/deportesmil.com\/?cat=46\">Noticias de Inter\u00e9s<\/a> (91)\n<\/li>\n\t\t\t<\/ul>\n\n\t\t\t<\/nav><\/aside><aside id=\"meta-3\" class=\"widget widget_meta\"><h2 class=\"widget-title\">Opciones de Usuario<\/h2><nav aria-label=\"Opciones de Usuario\">\n\t\t<ul>\n\t\t\t\t\t\t<li><a href=\"https:\/\/deportesmil.com\/?panel-admweb\">Acceder<\/a><\/li>\n\t\t\t<li><a href=\"https:\/\/deportesmil.com\/?feed=rss2\">Feed de entradas<\/a><\/li>\n\t\t\t<li><a href=\"https:\/\/deportesmil.com\/?feed=comments-rss2\">Feed de comentarios<\/a><\/li>\n\n\t\t\t<li><a href=\"https:\/\/es.wordpress.org\/\">WordPress.org<\/a><\/li>\n\t\t<\/ul>\n\n\t\t<\/nav><\/aside>\t\t\t\t<\/div>\n\t\t\t\t<\/div>\n\t\t\t\t\t<\/div>\n\t\t<\/div>\n\t\t\t\t\t<\/div>\n\t\t<\/section>\n\t\t\t\t\t<\/div>\n\t\t<\/div>\n\t\t\t\t\t<\/div>\n\t\t<\/section>\n\t\t\t\t<section class=\"elementor-section elementor-top-section elementor-element elementor-element-3c964ed elementor-section-full_width elementor-section-height-default elementor-section-height-default wpr-particle-no wpr-jarallax-no wpr-parallax-no wpr-sticky-section-no wpr-equal-height-no\" data-id=\"3c964ed\" data-element_type=\"section\" data-e-type=\"section\" data-settings=\"{&quot;_ha_eqh_enable&quot;:false}\">\n\t\t\t\t\t\t<div class=\"elementor-container elementor-column-gap-default\">\n\t\t\t\t\t<div class=\"elementor-column elementor-col-100 elementor-top-column elementor-element elementor-element-beb5e1b\" data-id=\"beb5e1b\" data-element_type=\"column\" data-e-type=\"column\">\n\t\t\t<div class=\"elementor-widget-wrap elementor-element-populated\">\n\t\t\t\t\t\t<div class=\"elementor-element elementor-element-80ecac0 elementor-widget elementor-widget-spacer\" data-id=\"80ecac0\" data-element_type=\"widget\" data-e-type=\"widget\" data-widget_type=\"spacer.default\">\n\t\t\t\t<div class=\"elementor-widget-container\">\n\t\t\t\t\t\t\t<div class=\"elementor-spacer\">\n\t\t\t<div class=\"elementor-spacer-inner\"><\/div>\n\t\t<\/div>\n\t\t\t\t\t\t<\/div>\n\t\t\t\t<\/div>\n\t\t\t\t\t<\/div>\n\t\t<\/div>\n\t\t\t\t\t<\/div>\n\t\t<\/section>\n\t\t\t\t<\/div>\n\t\t","protected":false},"excerpt":{"rendered":"<p>La fragata ARA Libertad zarp\u00f3 en su viaje de instrucci\u00f3n para los futuros oficiales de la Armada La fragata\u00a0ARA Libertad zarp\u00f3 del Apostadero Naval Buenos Aires\u00a0para iniciar\u00a0su 51\u00b0 viaje de instrucci\u00f3n, donde culminar\u00e1 la preparaci\u00f3n de futuros oficiales de la Armada. Durante su periplo de cinco meses har\u00e1 puerto en diez pa\u00edses de Am\u00e9rica antes de regresar a la Argentina.\u00a0La tripulaci\u00f3n de la fragata est\u00e1 compuesta por 270 personas, 26 oficiales, 51 guardiamarinas en comisi\u00f3n, dos de ellos\u00a0becados de las Armadas de Bolivia y de Panam\u00e1; y 192 suboficiales. Navegar\u00e1n adem\u00e1s\u00a0oficiales invitados de institutos de formaci\u00f3n de la Armada Argentina; del Ej\u00e9rcito Argentino, Fuerza A\u00e9rea Argentina, Gendarmer\u00eda Nacional, Prefectura Naval Argentina, y del Instituto del Servicio Exterior de la Naci\u00f3n. A lo largo del viaje participar\u00e1n oficiales de las Armadas de Bolivia, Brasil, Chile, M\u00e9xico, Paraguay, y Portugal. El comandante, capit\u00e1n de Nav\u00edo Gonzalo Horacio Nieto, comentaba en febrero\u00a0a Infodefensa.com el sentimiento de comandar a la embajadora de los mares: \u201cEs un orgullo profesional muy grande. Es innegable que la Fragata Libertad es un buque muy representativo de la Argentina, principalmente por la labor que desarrolla, por la historia del buque, por el tipo del buque que es, por lo que representa para el pa\u00eds y para todos los oficiales egresados navales\u201d. Capit\u00e1n de Nav\u00edo\u00a0Gonzalo Horacio Nieto Foto: Gonzalo Mary El viaje durar\u00e1 161 d\u00edas, con 116 d\u00edas de navegaci\u00f3n, recorriendo un total de 18.260 millas n\u00e1uticas (aproximadamente 33.800 kil\u00f3metros). Est\u00e1 previsto que la embarcaci\u00f3n haga puerto en Salvador de Bah\u00eda (Brasil), Puerto Espa\u00f1a (Trinidad y Tobago), Baltimore (Estados Unidos de Am\u00e9rica), Cartagena de Indias (Colombia), Veracruz (M\u00e9xico), Lim\u00f3n (Costa Rica), Balboa (Panam\u00e1), Guayaquil (Ecuador), El Callao (Per\u00fa), Valpara\u00edso (Chile), Ushuaia (Argentina), Puerto Madryn (Argentina), finalizando su recorrido en Buenos Aires. Orden de zarpar D\u00edas antes, el ministro de Defensa, Jorge Taiana, junto al jefe de la Armada Argentina, almirante Julio Horacio Guardia, encabezaron el acto de lectura de la orden de zarpada de la fragata. Taiana afirm\u00f3 que\u00a0\u201ceste nuevo viaje de la Embajadora de los Mares reafirma la vocaci\u00f3n de paz de la Argentina, de su hermandad con los pa\u00edses de la regi\u00f3n y de su gran tarea de instrucci\u00f3n y perfeccionamiento de los guardiamarinas\u201d. El titular de Defensa agreg\u00f3 que\u00a0\u201cla fragata Libertad tiene un valor simb\u00f3lico grande, en este viaje nuestros j\u00f3venes oficiales varones y mujeres, tendr\u00e1n una oportunidad extraordinaria de completar su entrenamiento y de representar al pa\u00eds con orgullo y honor\u201d. Despedida de la tripulacion Foto: Gonzalo Mary Por su parte, Guardia se dirigi\u00f3 a los guardiamarinas con estas palabras: \u201cEste viaje pondr\u00e1 a prueba sus aptitudes profesionales como marinos y su disposici\u00f3n para la vida en el mar. Ser\u00e1 tambi\u00e9n vuestra primera experiencia en el mando y en el ejercicio de la conducci\u00f3n\u201d, concluyendo que\u00a0\u201cnuestros espacios mar\u00edtimos poseen un alt\u00edsimo valor estrat\u00e9gico, que hacen imprescindible contar con un recurso humano capaz de afrontar los desaf\u00edos del futuro. Aprovechen al m\u00e1ximo cada oportunidad, para aquilatar las ense\u00f1anzas que ser\u00e1n de gran utilidad en sus carreras\u201d. Tambi\u00e9n asistieron los jefes del Estado Mayor Conjunto de las Fuerzas Armadas, el teniente general Juan Mart\u00edn Paleo; de la Fuerza A\u00e9rea, brigadier general Xavier Juli\u00e1n Isaac; y del Ej\u00e9rcito, teniente general Guillermo Olegario Pereda. &nbsp; Infodefensa.com\u00a0a bordo de la embajada argentina en el mar Infodefensa.com particip\u00f3 entre el 22 y 24 de febrero en una de las primeras navegaciones de la fragata ARA Libertad en su preparaci\u00f3n para este viaje. El buque parti\u00f3 desde el puerto de Mar del Plata, provincia de Buenos Aires, con rumbo al sur hacia el puerto de Ingeniero White, antes de dirigirse a la Base Naval Puerto Belgrano, donde se realizaron reparaciones para alistarla para este viaje. Durante la traves\u00eda dialogamos con el comandante, con la tripulaci\u00f3n, realizamos diversas actividades y visitamos toda\u00a0la nave. Fragata ARA Libertad Foto: Gonzalo Mary FUENTE ORIGINAL: infodefensa.com<\/p>\n","protected":false},"author":1,"featured_media":6842,"comment_status":"closed","ping_status":"closed","sticky":false,"template":"elementor_header_footer","format":"standard","meta":{"site-sidebar-layout":"default","site-content-layout":"page-builder","ast-site-content-layout":"default","site-content-style":"default","site-sidebar-style":"default","ast-global-header-display":"","ast-banner-title-visibility":"","ast-main-header-display":"","ast-hfb-above-header-display":"","ast-hfb-below-header-display":"","ast-hfb-mobile-header-display":"","site-post-title":"","ast-breadcrumbs-content":null,"ast-featured-img":"","footer-sml-layout":"","ast-disable-related-posts":"","theme-transparent-header-meta":"default","adv-header-id-meta":null,"stick-header-meta":null,"header-above-stick-meta":null,"header-main-stick-meta":null,"header-below-stick-meta":null,"astra-migrate-meta-layouts":"default","ast-page-background-enabled":"default","ast-page-background-meta":{"desktop":{"background-color":"","background-image":"","background-repeat":"repeat","background-position":"center center","background-size":"auto","background-attachment":"scroll","background-type":"","background-media":"","overlay-type":"","overlay-color":"","overlay-opacity":"","overlay-gradient":""},"tablet":{"background-color":"","background-image":"","background-repeat":"repeat","background-position":"center center","background-size":"auto","background-attachment":"scroll","background-type":"","background-media":"","overlay-type":"","overlay-color":"","overlay-opacity":"","overlay-gradient":""},"mobile":{"background-color":"","background-image":"","background-repeat":"repeat","background-position":"center center","background-size":"auto","background-attachment":"scroll","background-type":"","background-media":"","overlay-type":"","overlay-color":"","overlay-opacity":"","overlay-gradient":""}},"ast-content-background-meta":{"desktop":{"background-color":"var(--ast-global-color-5)","background-image":"","background-repeat":"repeat","background-position":"center center","background-size":"auto","background-attachment":"scroll","background-type":"","background-media":"","overlay-type":"","overlay-color":"","overlay-opacity":"","overlay-gradient":""},"tablet":{"background-color":"var(--ast-global-color-5)","background-image":"","background-repeat":"repeat","background-position":"center center","background-size":"auto","background-attachment":"scroll","background-type":"","background-media":"","overlay-type":"","overlay-color":"","overlay-opacity":"","overlay-gradient":""},"mobile":{"background-color":"var(--ast-global-color-5)","background-image":"","background-repeat":"repeat","background-position":"center center","background-size":"auto","background-attachment":"scroll","background-type":"","background-media":"","overlay-type":"","overlay-color":"","overlay-opacity":"","overlay-gradient":""}},"pgc_sgb_lightbox_settings":"","footnotes":""},"categories":[46],"tags":[88,127,126,167,170,168,169],"class_list":["post-6840","post","type-post","status-publish","format-standard","has-post-thumbnail","hentry","category-info-web-deportesmil","tag-argentina","tag-deportes-mil","tag-deportesmil","tag-diadelejercito","tag-eventos","tag-galeria","tag-vehiculos-militares"],"_links":{"self":[{"href":"https:\/\/deportesmil.com\/index.php?rest_route=\/wp\/v2\/posts\/6840","targetHints":{"allow":["GET"]}}],"collection":[{"href":"https:\/\/deportesmil.com\/index.php?rest_route=\/wp\/v2\/posts"}],"about":[{"href":"https:\/\/deportesmil.com\/index.php?rest_route=\/wp\/v2\/types\/post"}],"author":[{"embeddable":true,"href":"https:\/\/deportesmil.com\/index.php?rest_route=\/wp\/v2\/users\/1"}],"replies":[{"embeddable":true,"href":"https:\/\/deportesmil.com\/index.php?rest_route=%2Fwp%2Fv2%2Fcomments&post=6840"}],"version-history":[{"count":4,"href":"https:\/\/deportesmil.com\/index.php?rest_route=\/wp\/v2\/posts\/6840\/revisions"}],"predecessor-version":[{"id":6845,"href":"https:\/\/deportesmil.com\/index.php?rest_route=\/wp\/v2\/posts\/6840\/revisions\/6845"}],"wp:featuredmedia":[{"embeddable":true,"href":"https:\/\/deportesmil.com\/index.php?rest_route=\/wp\/v2\/media\/6842"}],"wp:attachment":[{"href":"https:\/\/deportesmil.com\/index.php?rest_route=%2Fwp%2Fv2%2Fmedia&parent=6840"}],"wp:term":[{"taxonomy":"category","embeddable":true,"href":"https:\/\/deportesmil.com\/index.php?rest_route=%2Fwp%2Fv2%2Fcategories&post=6840"},{"taxonomy":"post_tag","embeddable":true,"href":"https:\/\/deportesmil.com\/index.php?rest_route=%2Fwp%2Fv2%2Ftags&post=6840"}],"curies":[{"name":"wp","href":"https:\/\/api.w.org\/{rel}","templated":true}]}}