{"id":5432,"date":"2022-02-14T20:05:55","date_gmt":"2022-02-14T23:05:55","guid":{"rendered":"https:\/\/deportesmil.com\/?p=5432"},"modified":"2022-02-14T20:13:00","modified_gmt":"2022-02-14T23:13:00","slug":"las-malvinas-son-argentinas","status":"publish","type":"post","link":"https:\/\/deportesmil.com\/?p=5432","title":{"rendered":"\u201cLAS MALVINAS SON ARGENTINAS\u201d"},"content":{"rendered":"\t\t<div data-elementor-type=\"wp-post\" data-elementor-id=\"5432\" class=\"elementor elementor-5432\" data-elementor-settings=\"{&quot;ha_cmc_init_switcher&quot;:&quot;no&quot;}\">\n\t\t\t\t\t\t<section class=\"elementor-section elementor-top-section elementor-element elementor-element-d1d4f64 elementor-section-full_width elementor-section-height-default elementor-section-height-default wpr-particle-no wpr-jarallax-no wpr-parallax-no wpr-sticky-section-no wpr-equal-height-no\" data-id=\"d1d4f64\" data-element_type=\"section\" data-e-type=\"section\" data-settings=\"{&quot;_ha_eqh_enable&quot;:false}\">\n\t\t\t\t\t\t<div class=\"elementor-container elementor-column-gap-default\">\n\t\t\t\t\t<div class=\"elementor-column elementor-col-100 elementor-top-column elementor-element elementor-element-d45515f contenedor-glassdos\" data-id=\"d45515f\" data-element_type=\"column\" data-e-type=\"column\">\n\t\t\t<div class=\"elementor-widget-wrap elementor-element-populated\">\n\t\t\t\t\t\t<section class=\"elementor-section elementor-inner-section elementor-element elementor-element-02d8a33 elementor-section-full_width elementor-section-height-default elementor-section-height-default wpr-particle-no wpr-jarallax-no wpr-parallax-no wpr-sticky-section-no wpr-equal-height-no\" data-id=\"02d8a33\" data-element_type=\"section\" data-e-type=\"section\" data-settings=\"{&quot;_ha_eqh_enable&quot;:false}\">\n\t\t\t\t\t\t<div class=\"elementor-container elementor-column-gap-default\">\n\t\t\t\t\t<div class=\"elementor-column elementor-col-50 elementor-inner-column elementor-element elementor-element-99ed0b8\" data-id=\"99ed0b8\" data-element_type=\"column\" data-e-type=\"column\">\n\t\t\t<div class=\"elementor-widget-wrap elementor-element-populated\">\n\t\t\t\t\t\t<div class=\"elementor-element elementor-element-e950835 elementor-widget elementor-widget-image\" data-id=\"e950835\" data-element_type=\"widget\" data-e-type=\"widget\" data-widget_type=\"image.default\">\n\t\t\t\t<div class=\"elementor-widget-container\">\n\t\t\t\t\t\t\t\t\t\t\t\t\t\t\t<img fetchpriority=\"high\" decoding=\"async\" width=\"1024\" height=\"512\" src=\"https:\/\/deportesmil.com\/wp-content\/uploads\/2022\/02\/placa_decreto_leyenda_oficial_2022_para_pagweb3siosi-1024x512.jpg\" class=\"attachment-large size-large wp-image-5434\" alt=\"\" srcset=\"https:\/\/deportesmil.com\/wp-content\/uploads\/2022\/02\/placa_decreto_leyenda_oficial_2022_para_pagweb3siosi-1024x512.jpg 1024w, https:\/\/deportesmil.com\/wp-content\/uploads\/2022\/02\/placa_decreto_leyenda_oficial_2022_para_pagweb3siosi-300x150.jpg 300w, https:\/\/deportesmil.com\/wp-content\/uploads\/2022\/02\/placa_decreto_leyenda_oficial_2022_para_pagweb3siosi-768x384.jpg 768w, https:\/\/deportesmil.com\/wp-content\/uploads\/2022\/02\/placa_decreto_leyenda_oficial_2022_para_pagweb3siosi-1536x768.jpg 1536w, https:\/\/deportesmil.com\/wp-content\/uploads\/2022\/02\/placa_decreto_leyenda_oficial_2022_para_pagweb3siosi-570x285.jpg 570w, https:\/\/deportesmil.com\/wp-content\/uploads\/2022\/02\/placa_decreto_leyenda_oficial_2022_para_pagweb3siosi-270x135.jpg 270w, https:\/\/deportesmil.com\/wp-content\/uploads\/2022\/02\/placa_decreto_leyenda_oficial_2022_para_pagweb3siosi-600x300.jpg 600w, https:\/\/deportesmil.com\/wp-content\/uploads\/2022\/02\/placa_decreto_leyenda_oficial_2022_para_pagweb3siosi.jpg 1920w\" sizes=\"(max-width: 1024px) 100vw, 1024px\" \/>\t\t\t\t\t\t\t\t\t\t\t\t\t\t\t<\/div>\n\t\t\t\t<\/div>\n\t\t\t\t<div class=\"elementor-element elementor-element-b1baa3d elementor-widget elementor-widget-heading\" data-id=\"b1baa3d\" data-element_type=\"widget\" data-e-type=\"widget\" data-widget_type=\"heading.default\">\n\t\t\t\t<div class=\"elementor-widget-container\">\n\t\t\t\t\t<h2 class=\"elementor-heading-title elementor-size-large\">\u201cLAS MALVINAS SON ARGENTINAS\u201d<\/h2>\t\t\t\t<\/div>\n\t\t\t\t<\/div>\n\t\t\t\t<div class=\"elementor-element elementor-element-51ccb59 elementor-position-left elementor-vertical-align-top elementor-widget elementor-widget-image-box\" data-id=\"51ccb59\" data-element_type=\"widget\" data-e-type=\"widget\" data-widget_type=\"image-box.default\">\n\t\t\t\t<div class=\"elementor-widget-container\">\n\t\t\t\t\t<div class=\"elementor-image-box-wrapper\"><figure class=\"elementor-image-box-img\"><a href=\"https:\/\/www.argentina.gob.ar\/noticias\/las-malvinas-son-argentinas\" target=\"_blank\" tabindex=\"-1\"><img decoding=\"async\" width=\"606\" height=\"1080\" src=\"https:\/\/deportesmil.com\/wp-content\/uploads\/2022\/02\/placa_decreto_leyenda_oficial_2022_4_3.jpg\" class=\"elementor-animation-shrink attachment-full size-full wp-image-5436\" alt=\"\" srcset=\"https:\/\/deportesmil.com\/wp-content\/uploads\/2022\/02\/placa_decreto_leyenda_oficial_2022_4_3.jpg 606w, https:\/\/deportesmil.com\/wp-content\/uploads\/2022\/02\/placa_decreto_leyenda_oficial_2022_4_3-168x300.jpg 168w, https:\/\/deportesmil.com\/wp-content\/uploads\/2022\/02\/placa_decreto_leyenda_oficial_2022_4_3-575x1024.jpg 575w, https:\/\/deportesmil.com\/wp-content\/uploads\/2022\/02\/placa_decreto_leyenda_oficial_2022_4_3-185x330.jpg 185w, https:\/\/deportesmil.com\/wp-content\/uploads\/2022\/02\/placa_decreto_leyenda_oficial_2022_4_3-101x180.jpg 101w, https:\/\/deportesmil.com\/wp-content\/uploads\/2022\/02\/placa_decreto_leyenda_oficial_2022_4_3-600x1069.jpg 600w\" sizes=\"(max-width: 606px) 100vw, 606px\" \/><\/a><\/figure><div class=\"elementor-image-box-content\"><p class=\"elementor-image-box-description\">Al cumplirse 40 a\u00f1os del Conflicto del Atl\u00e1ntico Sur suscitado entre nuestro pa\u00eds y el Reino Unido por la disputa de soberan\u00eda sobre las islas Malvinas, Georgias del Sur, S\u00e1ndwich del Sur y los espacios mar\u00edtimos e insulares correspondientes, el presidente de la Naci\u00f3n decret\u00f3 el a\u00f1o 2022 como a\u00f1o de homenaje del pueblo argentino a los ca\u00eddos, a sus familiares y a los veteranos y las veteranas de Malvinas.\n<br><br>\nEn ese sentido, de acuerdo al <b>Decreto 17\/22<\/b>, desde el jueves 13 de enero toda documentaci\u00f3n oficial de la Administraci\u00f3n P\u00fablica Nacional, centralizada y descentralizada, as\u00ed como de los entes aut\u00e1rquicos dependientes llevar\u00e1 la leyenda: <b>\u201cLas Malvinas son argentinas\u201d.<\/b><\/p><\/div><\/div>\t\t\t\t<\/div>\n\t\t\t\t<\/div>\n\t\t\t\t<div class=\"elementor-element elementor-element-2b42119 elementor-align-right elementor-widget elementor-widget-button\" data-id=\"2b42119\" data-element_type=\"widget\" data-e-type=\"widget\" data-widget_type=\"button.default\">\n\t\t\t\t<div class=\"elementor-widget-container\">\n\t\t\t\t\t\t\t\t\t<div class=\"elementor-button-wrapper\">\n\t\t\t\t\t<a class=\"elementor-button elementor-button-link elementor-size-sm\" href=\"https:\/\/www.argentina.gob.ar\/noticias\/las-malvinas-son-argentinas\">\n\t\t\t\t\t\t<span class=\"elementor-button-content-wrapper\">\n\t\t\t\t\t\t\t\t\t<span class=\"elementor-button-text\">Ver Publicaci\u00f3n Original<\/span>\n\t\t\t\t\t<\/span>\n\t\t\t\t\t<\/a>\n\t\t\t\t<\/div>\n\t\t\t\t\t\t\t\t<\/div>\n\t\t\t\t<\/div>\n\t\t\t\t<div class=\"elementor-element elementor-element-3e9d418 elementor-widget elementor-widget-heading\" data-id=\"3e9d418\" data-element_type=\"widget\" data-e-type=\"widget\" data-widget_type=\"heading.default\">\n\t\t\t\t<div class=\"elementor-widget-container\">\n\t\t\t\t\t<h2 class=\"elementor-heading-title elementor-size-default\"><a href=\"https:\/\/www.argentina.gob.ar\/noticias\/las-malvinas-son-argentinas\">FUENTE: argentina.gob.ar<\/a><\/h2>\t\t\t\t<\/div>\n\t\t\t\t<\/div>\n\t\t\t\t\t<\/div>\n\t\t<\/div>\n\t\t\t\t<div class=\"elementor-column elementor-col-50 elementor-inner-column elementor-element elementor-element-7b6c15c\" data-id=\"7b6c15c\" data-element_type=\"column\" data-e-type=\"column\">\n\t\t\t<div class=\"elementor-widget-wrap elementor-element-populated\">\n\t\t\t\t\t\t<div class=\"elementor-element elementor-element-114a53e elementor-widget elementor-widget-sidebar\" data-id=\"114a53e\" data-element_type=\"widget\" data-e-type=\"widget\" data-widget_type=\"sidebar.default\">\n\t\t\t\t<div class=\"elementor-widget-container\">\n\t\t\t\t\t<aside id=\"search-3\" class=\"widget widget_search\"><form  class=\"is-search-form is-form-style is-form-style-3 is-form-id-2484 \" action=\"https:\/\/deportesmil.com\/\" method=\"get\" role=\"search\" ><label for=\"is-search-input-2484\"><span class=\"is-screen-reader-text\">Buscar:<\/span><input  type=\"search\" id=\"is-search-input-2484\" name=\"s\" value=\"\" class=\"is-search-input\" placeholder=\"Busqueda...\" autocomplete=off \/><\/label><button type=\"submit\" class=\"is-search-submit\"><span class=\"is-screen-reader-text\">Bot\u00f3n de b\u00fasqueda<\/span><span class=\"is-search-icon\"><svg focusable=\"false\" aria-label=\"Buscar\" xmlns=\"http:\/\/www.w3.org\/2000\/svg\" viewBox=\"0 0 24 24\" width=\"24px\"><path d=\"M15.5 14h-.79l-.28-.27C15.41 12.59 16 11.11 16 9.5 16 5.91 13.09 3 9.5 3S3 5.91 3 9.5 5.91 16 9.5 16c1.61 0 3.09-.59 4.23-1.57l.27.28v.79l5 4.99L20.49 19l-4.99-5zm-6 0C7.01 14 5 11.99 5 9.5S7.01 5 9.5 5 14 7.01 14 9.5 11.99 14 9.5 14z\"><\/path><\/svg><\/span><\/button><input type=\"hidden\" name=\"post_type\" value=\"post\" \/><\/form><\/aside>\n\t\t<aside id=\"recent-posts-3\" class=\"widget widget_recent_entries\">\n\t\t<h2 class=\"widget-title\">Entradas recientes<\/h2><nav aria-label=\"Entradas recientes\">\n\t\t<ul>\n\t\t\t\t\t\t\t\t\t\t\t<li>\n\t\t\t\t\t<a href=\"https:\/\/deportesmil.com\/?p=7602\">02 DE ABRIL: D\u00eda del Veterano y de los Ca\u00eddos en las Malvinas<\/a>\n\t\t\t\t\t\t\t\t\t\t\t<span class=\"post-date\">2-abril-2026<\/span>\n\t\t\t\t\t\t\t\t\t<\/li>\n\t\t\t\t\t\t\t\t\t\t\t<li>\n\t\t\t\t\t<a href=\"https:\/\/deportesmil.com\/?p=7588\">Paz a sus restos.<\/a>\n\t\t\t\t\t\t\t\t\t\t\t<span class=\"post-date\">25-marzo-2026<\/span>\n\t\t\t\t\t\t\t\t\t<\/li>\n\t\t\t\t\t\t\t\t\t\t\t<li>\n\t\t\t\t\t<a href=\"https:\/\/deportesmil.com\/?p=7569\">Motoencuentro \u201cH\u00e9roes de Malvinas\u201d 2025<\/a>\n\t\t\t\t\t\t\t\t\t\t\t<span class=\"post-date\">19-agosto-2025<\/span>\n\t\t\t\t\t\t\t\t\t<\/li>\n\t\t\t\t\t\t\t\t\t\t\t<li>\n\t\t\t\t\t<a href=\"https:\/\/deportesmil.com\/?p=7560\">Aniversario del Ej\u00e9rcito Nacional de Colombia<\/a>\n\t\t\t\t\t\t\t\t\t\t\t<span class=\"post-date\">7-agosto-2025<\/span>\n\t\t\t\t\t\t\t\t\t<\/li>\n\t\t\t\t\t\t\t\t\t\t\t<li>\n\t\t\t\t\t<a href=\"https:\/\/deportesmil.com\/?p=7544\">29 de Mayo: D\u00eda del Ej\u00e9rcito<\/a>\n\t\t\t\t\t\t\t\t\t\t\t<span class=\"post-date\">29-mayo-2025<\/span>\n\t\t\t\t\t\t\t\t\t<\/li>\n\t\t\t\t\t\t\t\t\t\t\t<li>\n\t\t\t\t\t<a href=\"https:\/\/deportesmil.com\/?p=7534\">Edici\u00f3n Marzo 2025<\/a>\n\t\t\t\t\t\t\t\t\t\t\t<span class=\"post-date\">19-mayo-2025<\/span>\n\t\t\t\t\t\t\t\t\t<\/li>\n\t\t\t\t\t\t\t\t\t\t\t<li>\n\t\t\t\t\t<a href=\"https:\/\/deportesmil.com\/?p=7455\">\u00a1Feliz Aniversario, Promoci\u00f3n 36 de Infanter\u00eda de Marina!<\/a>\n\t\t\t\t\t\t\t\t\t\t\t<span class=\"post-date\">27-abril-2025<\/span>\n\t\t\t\t\t\t\t\t\t<\/li>\n\t\t\t\t\t\t\t\t\t\t\t<li>\n\t\t\t\t\t<a href=\"https:\/\/deportesmil.com\/?p=7447\">21 de Abril: Muere el Papa Francisco a los 88 a\u00f1os de edad<\/a>\n\t\t\t\t\t\t\t\t\t\t\t<span class=\"post-date\">22-abril-2025<\/span>\n\t\t\t\t\t\t\t\t\t<\/li>\n\t\t\t\t\t<\/ul>\n\n\t\t<\/nav><\/aside><aside id=\"archives-3\" class=\"widget widget_archive\"><h2 class=\"widget-title\">Archivos<\/h2><nav aria-label=\"Archivos\">\n\t\t\t<ul>\n\t\t\t\t\t<li><a href='https:\/\/deportesmil.com\/?m=202604'>abril 2026<\/a>&nbsp;(1)<\/li>\n\t<li><a href='https:\/\/deportesmil.com\/?m=202603'>marzo 2026<\/a>&nbsp;(1)<\/li>\n\t<li><a href='https:\/\/deportesmil.com\/?m=202508'>agosto 2025<\/a>&nbsp;(2)<\/li>\n\t<li><a href='https:\/\/deportesmil.com\/?m=202505'>mayo 2025<\/a>&nbsp;(2)<\/li>\n\t<li><a href='https:\/\/deportesmil.com\/?m=202504'>abril 2025<\/a>&nbsp;(3)<\/li>\n\t<li><a href='https:\/\/deportesmil.com\/?m=202412'>diciembre 2024<\/a>&nbsp;(1)<\/li>\n\t<li><a href='https:\/\/deportesmil.com\/?m=202405'>mayo 2024<\/a>&nbsp;(5)<\/li>\n\t<li><a href='https:\/\/deportesmil.com\/?m=202404'>abril 2024<\/a>&nbsp;(3)<\/li>\n\t<li><a href='https:\/\/deportesmil.com\/?m=202403'>marzo 2024<\/a>&nbsp;(3)<\/li>\n\t<li><a href='https:\/\/deportesmil.com\/?m=202402'>febrero 2024<\/a>&nbsp;(1)<\/li>\n\t<li><a href='https:\/\/deportesmil.com\/?m=202311'>noviembre 2023<\/a>&nbsp;(2)<\/li>\n\t<li><a href='https:\/\/deportesmil.com\/?m=202310'>octubre 2023<\/a>&nbsp;(1)<\/li>\n\t<li><a href='https:\/\/deportesmil.com\/?m=202309'>septiembre 2023<\/a>&nbsp;(2)<\/li>\n\t<li><a href='https:\/\/deportesmil.com\/?m=202308'>agosto 2023<\/a>&nbsp;(4)<\/li>\n\t<li><a href='https:\/\/deportesmil.com\/?m=202307'>julio 2023<\/a>&nbsp;(4)<\/li>\n\t<li><a href='https:\/\/deportesmil.com\/?m=202306'>junio 2023<\/a>&nbsp;(4)<\/li>\n\t<li><a href='https:\/\/deportesmil.com\/?m=202305'>mayo 2023<\/a>&nbsp;(7)<\/li>\n\t<li><a href='https:\/\/deportesmil.com\/?m=202304'>abril 2023<\/a>&nbsp;(1)<\/li>\n\t<li><a href='https:\/\/deportesmil.com\/?m=202302'>febrero 2023<\/a>&nbsp;(2)<\/li>\n\t<li><a href='https:\/\/deportesmil.com\/?m=202301'>enero 2023<\/a>&nbsp;(1)<\/li>\n\t<li><a href='https:\/\/deportesmil.com\/?m=202212'>diciembre 2022<\/a>&nbsp;(2)<\/li>\n\t<li><a href='https:\/\/deportesmil.com\/?m=202211'>noviembre 2022<\/a>&nbsp;(4)<\/li>\n\t<li><a href='https:\/\/deportesmil.com\/?m=202210'>octubre 2022<\/a>&nbsp;(4)<\/li>\n\t<li><a href='https:\/\/deportesmil.com\/?m=202209'>septiembre 2022<\/a>&nbsp;(1)<\/li>\n\t<li><a href='https:\/\/deportesmil.com\/?m=202208'>agosto 2022<\/a>&nbsp;(2)<\/li>\n\t<li><a href='https:\/\/deportesmil.com\/?m=202207'>julio 2022<\/a>&nbsp;(1)<\/li>\n\t<li><a href='https:\/\/deportesmil.com\/?m=202206'>junio 2022<\/a>&nbsp;(1)<\/li>\n\t<li><a href='https:\/\/deportesmil.com\/?m=202205'>mayo 2022<\/a>&nbsp;(9)<\/li>\n\t<li><a href='https:\/\/deportesmil.com\/?m=202204'>abril 2022<\/a>&nbsp;(2)<\/li>\n\t<li><a href='https:\/\/deportesmil.com\/?m=202203'>marzo 2022<\/a>&nbsp;(1)<\/li>\n\t<li><a href='https:\/\/deportesmil.com\/?m=202202'>febrero 2022<\/a>&nbsp;(3)<\/li>\n\t<li><a href='https:\/\/deportesmil.com\/?m=202111'>noviembre 2021<\/a>&nbsp;(4)<\/li>\n\t<li><a href='https:\/\/deportesmil.com\/?m=202110'>octubre 2021<\/a>&nbsp;(3)<\/li>\n\t<li><a href='https:\/\/deportesmil.com\/?m=202109'>septiembre 2021<\/a>&nbsp;(7)<\/li>\n\t<li><a href='https:\/\/deportesmil.com\/?m=202108'>agosto 2021<\/a>&nbsp;(4)<\/li>\n\t<li><a href='https:\/\/deportesmil.com\/?m=202107'>julio 2021<\/a>&nbsp;(1)<\/li>\n\t<li><a href='https:\/\/deportesmil.com\/?m=202106'>junio 2021<\/a>&nbsp;(7)<\/li>\n\t<li><a href='https:\/\/deportesmil.com\/?m=202004'>abril 2020<\/a>&nbsp;(2)<\/li>\n\t<li><a href='https:\/\/deportesmil.com\/?m=201304'>abril 2013<\/a>&nbsp;(1)<\/li>\n\t<li><a href='https:\/\/deportesmil.com\/?m=201102'>febrero 2011<\/a>&nbsp;(1)<\/li>\n\t\t\t<\/ul>\n\n\t\t\t<\/nav><\/aside><aside id=\"categories-3\" class=\"widget widget_categories\"><h2 class=\"widget-title\">Categor\u00edas<\/h2><nav aria-label=\"Categor\u00edas\">\n\t\t\t<ul>\n\t\t\t\t\t<li class=\"cat-item cat-item-45\"><a href=\"https:\/\/deportesmil.com\/?cat=45\">Deportes<\/a> (13)\n<\/li>\n\t<li class=\"cat-item cat-item-135\"><a href=\"https:\/\/deportesmil.com\/?cat=135\">Econom\u00eda y Finanzas<\/a> (2)\n<\/li>\n\t<li class=\"cat-item cat-item-47\"><a href=\"https:\/\/deportesmil.com\/?cat=47\">Ediciones Impresas (Digitalizadas)<\/a> (2)\n<\/li>\n\t<li class=\"cat-item cat-item-75\"><a href=\"https:\/\/deportesmil.com\/?cat=75\">Eventos<\/a> (1)\n<\/li>\n\t<li class=\"cat-item cat-item-70\"><a href=\"https:\/\/deportesmil.com\/?cat=70\">Malvinas<\/a> (11)\n<\/li>\n\t<li class=\"cat-item cat-item-46\"><a href=\"https:\/\/deportesmil.com\/?cat=46\">Noticias de Inter\u00e9s<\/a> (91)\n<\/li>\n\t\t\t<\/ul>\n\n\t\t\t<\/nav><\/aside><aside id=\"meta-3\" class=\"widget widget_meta\"><h2 class=\"widget-title\">Opciones de Usuario<\/h2><nav aria-label=\"Opciones de Usuario\">\n\t\t<ul>\n\t\t\t\t\t\t<li><a href=\"https:\/\/deportesmil.com\/?panel-admweb\">Acceder<\/a><\/li>\n\t\t\t<li><a href=\"https:\/\/deportesmil.com\/?feed=rss2\">Feed de entradas<\/a><\/li>\n\t\t\t<li><a href=\"https:\/\/deportesmil.com\/?feed=comments-rss2\">Feed de comentarios<\/a><\/li>\n\n\t\t\t<li><a href=\"https:\/\/es.wordpress.org\/\">WordPress.org<\/a><\/li>\n\t\t<\/ul>\n\n\t\t<\/nav><\/aside>\t\t\t\t<\/div>\n\t\t\t\t<\/div>\n\t\t\t\t\t<\/div>\n\t\t<\/div>\n\t\t\t\t\t<\/div>\n\t\t<\/section>\n\t\t\t\t\t<\/div>\n\t\t<\/div>\n\t\t\t\t\t<\/div>\n\t\t<\/section>\n\t\t\t\t<section class=\"elementor-section elementor-top-section elementor-element elementor-element-3c964ed elementor-section-full_width elementor-section-height-default elementor-section-height-default wpr-particle-no wpr-jarallax-no wpr-parallax-no wpr-sticky-section-no wpr-equal-height-no\" data-id=\"3c964ed\" data-element_type=\"section\" data-e-type=\"section\" data-settings=\"{&quot;_ha_eqh_enable&quot;:false}\">\n\t\t\t\t\t\t<div class=\"elementor-container elementor-column-gap-default\">\n\t\t\t\t\t<div class=\"elementor-column elementor-col-100 elementor-top-column elementor-element elementor-element-beb5e1b\" data-id=\"beb5e1b\" data-element_type=\"column\" data-e-type=\"column\">\n\t\t\t<div class=\"elementor-widget-wrap elementor-element-populated\">\n\t\t\t\t\t\t<div class=\"elementor-element elementor-element-80ecac0 elementor-widget elementor-widget-spacer\" data-id=\"80ecac0\" data-element_type=\"widget\" data-e-type=\"widget\" data-widget_type=\"spacer.default\">\n\t\t\t\t<div class=\"elementor-widget-container\">\n\t\t\t\t\t\t\t<div class=\"elementor-spacer\">\n\t\t\t<div class=\"elementor-spacer-inner\"><\/div>\n\t\t<\/div>\n\t\t\t\t\t\t<\/div>\n\t\t\t\t<\/div>\n\t\t\t\t\t<\/div>\n\t\t<\/div>\n\t\t\t\t\t<\/div>\n\t\t<\/section>\n\t\t\t\t<\/div>\n\t\t","protected":false},"excerpt":{"rendered":"<p>En el marco del 40\u00b0 Aniversario del Conflicto del Atl\u00e1ntico Sur, por decreto presidencial toda la documentaci\u00f3n p\u00fablica llevar\u00e1 dicha leyenda.<\/p>\n","protected":false},"author":1,"featured_media":5434,"comment_status":"closed","ping_status":"closed","sticky":false,"template":"elementor_header_footer","format":"standard","meta":{"site-sidebar-layout":"default","site-content-layout":"page-builder","ast-site-content-layout":"default","site-content-style":"default","site-sidebar-style":"default","ast-global-header-display":"","ast-banner-title-visibility":"","ast-main-header-display":"","ast-hfb-above-header-display":"","ast-hfb-below-header-display":"","ast-hfb-mobile-header-display":"","site-post-title":"","ast-breadcrumbs-content":null,"ast-featured-img":"","footer-sml-layout":"","ast-disable-related-posts":"","theme-transparent-header-meta":"default","adv-header-id-meta":null,"stick-header-meta":null,"header-above-stick-meta":null,"header-main-stick-meta":null,"header-below-stick-meta":null,"astra-migrate-meta-layouts":"default","ast-page-background-enabled":"default","ast-page-background-meta":{"desktop":{"background-color":"","background-image":"","background-repeat":"repeat","background-position":"center center","background-size":"auto","background-attachment":"scroll","background-type":"","background-media":"","overlay-type":"","overlay-color":"","overlay-opacity":"","overlay-gradient":""},"tablet":{"background-color":"","background-image":"","background-repeat":"repeat","background-position":"center center","background-size":"auto","background-attachment":"scroll","background-type":"","background-media":"","overlay-type":"","overlay-color":"","overlay-opacity":"","overlay-gradient":""},"mobile":{"background-color":"","background-image":"","background-repeat":"repeat","background-position":"center center","background-size":"auto","background-attachment":"scroll","background-type":"","background-media":"","overlay-type":"","overlay-color":"","overlay-opacity":"","overlay-gradient":""}},"ast-content-background-meta":{"desktop":{"background-color":"var(--ast-global-color-5)","background-image":"","background-repeat":"repeat","background-position":"center center","background-size":"auto","background-attachment":"scroll","background-type":"","background-media":"","overlay-type":"","overlay-color":"","overlay-opacity":"","overlay-gradient":""},"tablet":{"background-color":"var(--ast-global-color-5)","background-image":"","background-repeat":"repeat","background-position":"center center","background-size":"auto","background-attachment":"scroll","background-type":"","background-media":"","overlay-type":"","overlay-color":"","overlay-opacity":"","overlay-gradient":""},"mobile":{"background-color":"var(--ast-global-color-5)","background-image":"","background-repeat":"repeat","background-position":"center center","background-size":"auto","background-attachment":"scroll","background-type":"","background-media":"","overlay-type":"","overlay-color":"","overlay-opacity":"","overlay-gradient":""}},"pgc_sgb_lightbox_settings":"","footnotes":""},"categories":[70,46],"tags":[88,86,84,83,89,90],"class_list":["post-5432","post","type-post","status-publish","format-standard","has-post-thumbnail","hentry","category-malvinas","category-info-web-deportesmil","tag-argentina","tag-base-aerea","tag-flota","tag-fuerzas-armadas","tag-malvinas","tag-malvinas-son-argentinas"],"_links":{"self":[{"href":"https:\/\/deportesmil.com\/index.php?rest_route=\/wp\/v2\/posts\/5432","targetHints":{"allow":["GET"]}}],"collection":[{"href":"https:\/\/deportesmil.com\/index.php?rest_route=\/wp\/v2\/posts"}],"about":[{"href":"https:\/\/deportesmil.com\/index.php?rest_route=\/wp\/v2\/types\/post"}],"author":[{"embeddable":true,"href":"https:\/\/deportesmil.com\/index.php?rest_route=\/wp\/v2\/users\/1"}],"replies":[{"embeddable":true,"href":"https:\/\/deportesmil.com\/index.php?rest_route=%2Fwp%2Fv2%2Fcomments&post=5432"}],"version-history":[{"count":5,"href":"https:\/\/deportesmil.com\/index.php?rest_route=\/wp\/v2\/posts\/5432\/revisions"}],"predecessor-version":[{"id":5439,"href":"https:\/\/deportesmil.com\/index.php?rest_route=\/wp\/v2\/posts\/5432\/revisions\/5439"}],"wp:featuredmedia":[{"embeddable":true,"href":"https:\/\/deportesmil.com\/index.php?rest_route=\/wp\/v2\/media\/5434"}],"wp:attachment":[{"href":"https:\/\/deportesmil.com\/index.php?rest_route=%2Fwp%2Fv2%2Fmedia&parent=5432"}],"wp:term":[{"taxonomy":"category","embeddable":true,"href":"https:\/\/deportesmil.com\/index.php?rest_route=%2Fwp%2Fv2%2Fcategories&post=5432"},{"taxonomy":"post_tag","embeddable":true,"href":"https:\/\/deportesmil.com\/index.php?rest_route=%2Fwp%2Fv2%2Ftags&post=5432"}],"curies":[{"name":"wp","href":"https:\/\/api.w.org\/{rel}","templated":true}]}}