{"id":5381,"date":"2021-11-30T21:59:47","date_gmt":"2021-12-01T00:59:47","guid":{"rendered":"https:\/\/deportesmil.com\/?p=5381"},"modified":"2021-11-30T22:06:24","modified_gmt":"2021-12-01T01:06:24","slug":"125-anos-de-la-base-naval-puerto-belgrano","status":"publish","type":"post","link":"https:\/\/deportesmil.com\/?p=5381","title":{"rendered":"125 A\u00d1OS DE LA BASE NAVAL PUERTO BELGRANO"},"content":{"rendered":"\t\t<div data-elementor-type=\"wp-post\" data-elementor-id=\"5381\" class=\"elementor elementor-5381\" data-elementor-settings=\"{&quot;ha_cmc_init_switcher&quot;:&quot;no&quot;}\">\n\t\t\t\t\t\t<section class=\"elementor-section elementor-top-section elementor-element elementor-element-d1d4f64 elementor-section-full_width elementor-section-height-default elementor-section-height-default wpr-particle-no wpr-jarallax-no wpr-parallax-no wpr-sticky-section-no wpr-equal-height-no\" data-id=\"d1d4f64\" data-element_type=\"section\" data-e-type=\"section\" data-settings=\"{&quot;_ha_eqh_enable&quot;:false}\">\n\t\t\t\t\t\t<div class=\"elementor-container elementor-column-gap-default\">\n\t\t\t\t\t<div class=\"elementor-column elementor-col-100 elementor-top-column elementor-element elementor-element-d45515f contenedor-glassdos\" data-id=\"d45515f\" data-element_type=\"column\" data-e-type=\"column\">\n\t\t\t<div class=\"elementor-widget-wrap elementor-element-populated\">\n\t\t\t\t\t\t<section class=\"elementor-section elementor-inner-section elementor-element elementor-element-02d8a33 elementor-section-full_width elementor-section-height-default elementor-section-height-default wpr-particle-no wpr-jarallax-no wpr-parallax-no wpr-sticky-section-no wpr-equal-height-no\" data-id=\"02d8a33\" data-element_type=\"section\" data-e-type=\"section\" data-settings=\"{&quot;_ha_eqh_enable&quot;:false}\">\n\t\t\t\t\t\t<div class=\"elementor-container elementor-column-gap-default\">\n\t\t\t\t\t<div class=\"elementor-column elementor-col-50 elementor-inner-column elementor-element elementor-element-99ed0b8\" data-id=\"99ed0b8\" data-element_type=\"column\" data-e-type=\"column\">\n\t\t\t<div class=\"elementor-widget-wrap elementor-element-populated\">\n\t\t\t\t\t\t<div class=\"elementor-element elementor-element-e950835 elementor-widget elementor-widget-image\" data-id=\"e950835\" data-element_type=\"widget\" data-e-type=\"widget\" data-widget_type=\"image.default\">\n\t\t\t\t<div class=\"elementor-widget-container\">\n\t\t\t\t\t\t\t\t\t\t\t\t\t\t\t<img fetchpriority=\"high\" decoding=\"async\" width=\"850\" height=\"480\" src=\"https:\/\/deportesmil.com\/wp-content\/uploads\/2021\/11\/EspecialBNPB_Dique.jpg\" class=\"attachment-large size-large wp-image-5383\" alt=\"\" srcset=\"https:\/\/deportesmil.com\/wp-content\/uploads\/2021\/11\/EspecialBNPB_Dique.jpg 850w, https:\/\/deportesmil.com\/wp-content\/uploads\/2021\/11\/EspecialBNPB_Dique-300x169.jpg 300w, https:\/\/deportesmil.com\/wp-content\/uploads\/2021\/11\/EspecialBNPB_Dique-768x434.jpg 768w, https:\/\/deportesmil.com\/wp-content\/uploads\/2021\/11\/EspecialBNPB_Dique-570x322.jpg 570w, https:\/\/deportesmil.com\/wp-content\/uploads\/2021\/11\/EspecialBNPB_Dique-270x152.jpg 270w, https:\/\/deportesmil.com\/wp-content\/uploads\/2021\/11\/EspecialBNPB_Dique-600x339.jpg 600w\" sizes=\"(max-width: 850px) 100vw, 850px\" \/>\t\t\t\t\t\t\t\t\t\t\t\t\t\t\t<\/div>\n\t\t\t\t<\/div>\n\t\t\t\t<div class=\"elementor-element elementor-element-b1baa3d elementor-widget elementor-widget-heading\" data-id=\"b1baa3d\" data-element_type=\"widget\" data-e-type=\"widget\" data-widget_type=\"heading.default\">\n\t\t\t\t<div class=\"elementor-widget-container\">\n\t\t\t\t\t<h2 class=\"elementor-heading-title elementor-size-large\">125 a\u00f1os de la Base Naval Puerto Belgrano<\/h2>\t\t\t\t<\/div>\n\t\t\t\t<\/div>\n\t\t\t\t<div class=\"elementor-element elementor-element-51ccb59 elementor-vertical-align-top elementor-widget elementor-widget-image-box\" data-id=\"51ccb59\" data-element_type=\"widget\" data-e-type=\"widget\" data-widget_type=\"image-box.default\">\n\t\t\t\t<div class=\"elementor-widget-container\">\n\t\t\t\t\t<div class=\"elementor-image-box-wrapper\"><div class=\"elementor-image-box-content\"><p class=\"elementor-image-box-description\"><p class=\"text-justify\">\n\nHacia fines del siglo XIX, la Marina de Guerra nacional exhibi\u00f3 un importante desarrollo, y la voluntad de aumentar la Escuadra involucr\u00f3 la necesidad de contar con un puerto militar capaz de albergar y mantener esas grandes aspiraciones navales.\n<br><br>\nCon la llegada de los primeros buques acorazados adquiridos por nuestro pa\u00eds, comenz\u00f3 a plantearse la urgente necesidad de poseer un complejo portuario militar con diques, talleres y arsenales. Al mismo tiempo, aquellos egresados de las primeras promociones de la Escuela Naval que pensaban una Naci\u00f3n m\u00e1s proyectada hacia el oc\u00e9ano que a los r\u00edos, hab\u00edan alcanzado las jerarqu\u00edas que les permit\u00edan poner en pr\u00e1ctica sus proyectos. Es as\u00ed que tras largos e intensos debates en el seno de la Armada y del gobierno, el 30 de noviembre de 1896 se decret\u00f3 la construcci\u00f3n del primer Puerto Militar del pa\u00eds, hoy la Base Naval Puerto Belgrano.\n<br><br>\nHab\u00eda sido \u2013en ese momento- el Teniente de Nav\u00edo F\u00e9lix Dufourq quien, contra muchas de las tesis que propon\u00edan un Puerto Militar en cercan\u00edas del r\u00edo de la Plata, hab\u00eda presentado un estudio que promov\u00eda su construcci\u00f3n en un puerto natural de aguas profundas alejado de la capital, por sus mayores ventajas geogr\u00e1ficas y estrat\u00e9gicas. De esta forma, propuso como sitio ideal las inmediaciones de \u201clos bajos del Belgrano\u201d, un fondeadero en la bah\u00eda Blanca que ya era conocido por los marinos y que los acorazados argentinos empleaban para mantener presencia al sur de la provincia de Buenos Aires.\n<br><br>\nEl profuso estudio de Dufourq hab\u00eda sido presentado en un concurso del Centro Naval y lleg\u00f3 a manos del entonces presidente de la Naci\u00f3n, Jos\u00e9 Evaristo Uriburu, quien lo remiti\u00f3 al Congreso. El cuerpo legislativo lo aprob\u00f3 ese 30 de noviembre y autoriz\u00f3 al gobierno su construcci\u00f3n.\n<br><br>\nLa imponente obra del Puerto Militar fue asignada al ingeniero civil genov\u00e9s Luis Luiggi, con experiencia en trabajos portuarios y en la publicaci\u00f3n de documentos sobre defensa y construcciones navales. Luiggi recorri\u00f3 la costa bonaerense y m\u00e1s al sur tambi\u00e9n, pero concluy\u00f3 que el sitio propuesto por Dufourq era el m\u00e1s adecuado para la futura base naval.\n\n<\/p><\/p><\/div><\/div>\t\t\t\t<\/div>\n\t\t\t\t<\/div>\n\t\t\t\t<div class=\"elementor-element elementor-element-95fa93c elementor-widget elementor-widget-video\" data-id=\"95fa93c\" data-element_type=\"widget\" data-e-type=\"widget\" data-settings=\"{&quot;youtube_url&quot;:&quot;https:\\\/\\\/www.youtube.com\\\/watch?v=esYX4lfXy-M&quot;,&quot;video_type&quot;:&quot;youtube&quot;,&quot;controls&quot;:&quot;yes&quot;}\" data-widget_type=\"video.default\">\n\t\t\t\t<div class=\"elementor-widget-container\">\n\t\t\t\t\t\t\t<div class=\"elementor-wrapper elementor-open-inline\">\n\t\t\t<div class=\"elementor-video\"><\/div>\t\t<\/div>\n\t\t\t\t\t\t<\/div>\n\t\t\t\t<\/div>\n\t\t\t\t<div class=\"elementor-element elementor-element-94b153e elementor-widget elementor-widget-heading\" data-id=\"94b153e\" data-element_type=\"widget\" data-e-type=\"widget\" data-widget_type=\"heading.default\">\n\t\t\t\t<div class=\"elementor-widget-container\">\n\t\t\t\t\t<h2 class=\"elementor-heading-title elementor-size-default\"><a href=\"https:\/\/gacetamarinera.com.ar\/especiales\/125-anos-de-la-base-naval-puerto-belgrano\/\">FUENTE: gacetamarinera.com.ar<\/a><\/h2>\t\t\t\t<\/div>\n\t\t\t\t<\/div>\n\t\t\t\t<div class=\"elementor-element elementor-element-a4fe87d elementor-align-right elementor-widget elementor-widget-button\" data-id=\"a4fe87d\" data-element_type=\"widget\" data-e-type=\"widget\" data-widget_type=\"button.default\">\n\t\t\t\t<div class=\"elementor-widget-container\">\n\t\t\t\t\t\t\t\t\t<div class=\"elementor-button-wrapper\">\n\t\t\t\t\t<a class=\"elementor-button elementor-button-link elementor-size-sm\" href=\"https:\/\/gacetamarinera.com.ar\/especiales\/125-anos-de-la-base-naval-puerto-belgrano\/\">\n\t\t\t\t\t\t<span class=\"elementor-button-content-wrapper\">\n\t\t\t\t\t\t\t\t\t<span class=\"elementor-button-text\">Ver publicacion Original<\/span>\n\t\t\t\t\t<\/span>\n\t\t\t\t\t<\/a>\n\t\t\t\t<\/div>\n\t\t\t\t\t\t\t\t<\/div>\n\t\t\t\t<\/div>\n\t\t\t\t\t<\/div>\n\t\t<\/div>\n\t\t\t\t<div class=\"elementor-column elementor-col-50 elementor-inner-column elementor-element elementor-element-7b6c15c\" data-id=\"7b6c15c\" data-element_type=\"column\" data-e-type=\"column\">\n\t\t\t<div class=\"elementor-widget-wrap elementor-element-populated\">\n\t\t\t\t\t\t<div class=\"elementor-element elementor-element-114a53e elementor-widget elementor-widget-sidebar\" data-id=\"114a53e\" data-element_type=\"widget\" data-e-type=\"widget\" data-widget_type=\"sidebar.default\">\n\t\t\t\t<div class=\"elementor-widget-container\">\n\t\t\t\t\t<aside id=\"search-3\" class=\"widget widget_search\"><form  class=\"is-search-form is-form-style is-form-style-3 is-form-id-2484 \" action=\"https:\/\/deportesmil.com\/\" method=\"get\" role=\"search\" ><label for=\"is-search-input-2484\"><span class=\"is-screen-reader-text\">Buscar:<\/span><input  type=\"search\" id=\"is-search-input-2484\" name=\"s\" value=\"\" class=\"is-search-input\" placeholder=\"Busqueda...\" autocomplete=off \/><\/label><button type=\"submit\" class=\"is-search-submit\"><span class=\"is-screen-reader-text\">Bot\u00f3n de b\u00fasqueda<\/span><span class=\"is-search-icon\"><svg focusable=\"false\" aria-label=\"Buscar\" xmlns=\"http:\/\/www.w3.org\/2000\/svg\" viewBox=\"0 0 24 24\" width=\"24px\"><path d=\"M15.5 14h-.79l-.28-.27C15.41 12.59 16 11.11 16 9.5 16 5.91 13.09 3 9.5 3S3 5.91 3 9.5 5.91 16 9.5 16c1.61 0 3.09-.59 4.23-1.57l.27.28v.79l5 4.99L20.49 19l-4.99-5zm-6 0C7.01 14 5 11.99 5 9.5S7.01 5 9.5 5 14 7.01 14 9.5 11.99 14 9.5 14z\"><\/path><\/svg><\/span><\/button><input type=\"hidden\" name=\"post_type\" value=\"post\" \/><\/form><\/aside>\n\t\t<aside id=\"recent-posts-3\" class=\"widget widget_recent_entries\">\n\t\t<h2 class=\"widget-title\">Entradas recientes<\/h2><nav aria-label=\"Entradas recientes\">\n\t\t<ul>\n\t\t\t\t\t\t\t\t\t\t\t<li>\n\t\t\t\t\t<a href=\"https:\/\/deportesmil.com\/?p=7602\">02 DE ABRIL: D\u00eda del Veterano y de los Ca\u00eddos en las Malvinas<\/a>\n\t\t\t\t\t\t\t\t\t\t\t<span class=\"post-date\">2-abril-2026<\/span>\n\t\t\t\t\t\t\t\t\t<\/li>\n\t\t\t\t\t\t\t\t\t\t\t<li>\n\t\t\t\t\t<a href=\"https:\/\/deportesmil.com\/?p=7588\">Paz a sus restos.<\/a>\n\t\t\t\t\t\t\t\t\t\t\t<span class=\"post-date\">25-marzo-2026<\/span>\n\t\t\t\t\t\t\t\t\t<\/li>\n\t\t\t\t\t\t\t\t\t\t\t<li>\n\t\t\t\t\t<a href=\"https:\/\/deportesmil.com\/?p=7569\">Motoencuentro \u201cH\u00e9roes de Malvinas\u201d 2025<\/a>\n\t\t\t\t\t\t\t\t\t\t\t<span class=\"post-date\">19-agosto-2025<\/span>\n\t\t\t\t\t\t\t\t\t<\/li>\n\t\t\t\t\t\t\t\t\t\t\t<li>\n\t\t\t\t\t<a href=\"https:\/\/deportesmil.com\/?p=7560\">Aniversario del Ej\u00e9rcito Nacional de Colombia<\/a>\n\t\t\t\t\t\t\t\t\t\t\t<span class=\"post-date\">7-agosto-2025<\/span>\n\t\t\t\t\t\t\t\t\t<\/li>\n\t\t\t\t\t\t\t\t\t\t\t<li>\n\t\t\t\t\t<a href=\"https:\/\/deportesmil.com\/?p=7544\">29 de Mayo: D\u00eda del Ej\u00e9rcito<\/a>\n\t\t\t\t\t\t\t\t\t\t\t<span class=\"post-date\">29-mayo-2025<\/span>\n\t\t\t\t\t\t\t\t\t<\/li>\n\t\t\t\t\t\t\t\t\t\t\t<li>\n\t\t\t\t\t<a href=\"https:\/\/deportesmil.com\/?p=7534\">Edici\u00f3n Marzo 2025<\/a>\n\t\t\t\t\t\t\t\t\t\t\t<span class=\"post-date\">19-mayo-2025<\/span>\n\t\t\t\t\t\t\t\t\t<\/li>\n\t\t\t\t\t\t\t\t\t\t\t<li>\n\t\t\t\t\t<a href=\"https:\/\/deportesmil.com\/?p=7455\">\u00a1Feliz Aniversario, Promoci\u00f3n 36 de Infanter\u00eda de Marina!<\/a>\n\t\t\t\t\t\t\t\t\t\t\t<span class=\"post-date\">27-abril-2025<\/span>\n\t\t\t\t\t\t\t\t\t<\/li>\n\t\t\t\t\t\t\t\t\t\t\t<li>\n\t\t\t\t\t<a href=\"https:\/\/deportesmil.com\/?p=7447\">21 de Abril: Muere el Papa Francisco a los 88 a\u00f1os de edad<\/a>\n\t\t\t\t\t\t\t\t\t\t\t<span class=\"post-date\">22-abril-2025<\/span>\n\t\t\t\t\t\t\t\t\t<\/li>\n\t\t\t\t\t<\/ul>\n\n\t\t<\/nav><\/aside><aside id=\"archives-3\" class=\"widget widget_archive\"><h2 class=\"widget-title\">Archivos<\/h2><nav aria-label=\"Archivos\">\n\t\t\t<ul>\n\t\t\t\t\t<li><a href='https:\/\/deportesmil.com\/?m=202604'>abril 2026<\/a>&nbsp;(1)<\/li>\n\t<li><a href='https:\/\/deportesmil.com\/?m=202603'>marzo 2026<\/a>&nbsp;(1)<\/li>\n\t<li><a href='https:\/\/deportesmil.com\/?m=202508'>agosto 2025<\/a>&nbsp;(2)<\/li>\n\t<li><a href='https:\/\/deportesmil.com\/?m=202505'>mayo 2025<\/a>&nbsp;(2)<\/li>\n\t<li><a href='https:\/\/deportesmil.com\/?m=202504'>abril 2025<\/a>&nbsp;(3)<\/li>\n\t<li><a href='https:\/\/deportesmil.com\/?m=202412'>diciembre 2024<\/a>&nbsp;(1)<\/li>\n\t<li><a href='https:\/\/deportesmil.com\/?m=202405'>mayo 2024<\/a>&nbsp;(5)<\/li>\n\t<li><a href='https:\/\/deportesmil.com\/?m=202404'>abril 2024<\/a>&nbsp;(3)<\/li>\n\t<li><a href='https:\/\/deportesmil.com\/?m=202403'>marzo 2024<\/a>&nbsp;(3)<\/li>\n\t<li><a href='https:\/\/deportesmil.com\/?m=202402'>febrero 2024<\/a>&nbsp;(1)<\/li>\n\t<li><a href='https:\/\/deportesmil.com\/?m=202311'>noviembre 2023<\/a>&nbsp;(2)<\/li>\n\t<li><a href='https:\/\/deportesmil.com\/?m=202310'>octubre 2023<\/a>&nbsp;(1)<\/li>\n\t<li><a href='https:\/\/deportesmil.com\/?m=202309'>septiembre 2023<\/a>&nbsp;(2)<\/li>\n\t<li><a href='https:\/\/deportesmil.com\/?m=202308'>agosto 2023<\/a>&nbsp;(4)<\/li>\n\t<li><a href='https:\/\/deportesmil.com\/?m=202307'>julio 2023<\/a>&nbsp;(4)<\/li>\n\t<li><a href='https:\/\/deportesmil.com\/?m=202306'>junio 2023<\/a>&nbsp;(4)<\/li>\n\t<li><a href='https:\/\/deportesmil.com\/?m=202305'>mayo 2023<\/a>&nbsp;(7)<\/li>\n\t<li><a href='https:\/\/deportesmil.com\/?m=202304'>abril 2023<\/a>&nbsp;(1)<\/li>\n\t<li><a href='https:\/\/deportesmil.com\/?m=202302'>febrero 2023<\/a>&nbsp;(2)<\/li>\n\t<li><a href='https:\/\/deportesmil.com\/?m=202301'>enero 2023<\/a>&nbsp;(1)<\/li>\n\t<li><a href='https:\/\/deportesmil.com\/?m=202212'>diciembre 2022<\/a>&nbsp;(2)<\/li>\n\t<li><a href='https:\/\/deportesmil.com\/?m=202211'>noviembre 2022<\/a>&nbsp;(4)<\/li>\n\t<li><a href='https:\/\/deportesmil.com\/?m=202210'>octubre 2022<\/a>&nbsp;(4)<\/li>\n\t<li><a href='https:\/\/deportesmil.com\/?m=202209'>septiembre 2022<\/a>&nbsp;(1)<\/li>\n\t<li><a href='https:\/\/deportesmil.com\/?m=202208'>agosto 2022<\/a>&nbsp;(2)<\/li>\n\t<li><a href='https:\/\/deportesmil.com\/?m=202207'>julio 2022<\/a>&nbsp;(1)<\/li>\n\t<li><a href='https:\/\/deportesmil.com\/?m=202206'>junio 2022<\/a>&nbsp;(1)<\/li>\n\t<li><a href='https:\/\/deportesmil.com\/?m=202205'>mayo 2022<\/a>&nbsp;(9)<\/li>\n\t<li><a href='https:\/\/deportesmil.com\/?m=202204'>abril 2022<\/a>&nbsp;(2)<\/li>\n\t<li><a href='https:\/\/deportesmil.com\/?m=202203'>marzo 2022<\/a>&nbsp;(1)<\/li>\n\t<li><a href='https:\/\/deportesmil.com\/?m=202202'>febrero 2022<\/a>&nbsp;(3)<\/li>\n\t<li><a href='https:\/\/deportesmil.com\/?m=202111'>noviembre 2021<\/a>&nbsp;(4)<\/li>\n\t<li><a href='https:\/\/deportesmil.com\/?m=202110'>octubre 2021<\/a>&nbsp;(3)<\/li>\n\t<li><a href='https:\/\/deportesmil.com\/?m=202109'>septiembre 2021<\/a>&nbsp;(7)<\/li>\n\t<li><a href='https:\/\/deportesmil.com\/?m=202108'>agosto 2021<\/a>&nbsp;(4)<\/li>\n\t<li><a href='https:\/\/deportesmil.com\/?m=202107'>julio 2021<\/a>&nbsp;(1)<\/li>\n\t<li><a href='https:\/\/deportesmil.com\/?m=202106'>junio 2021<\/a>&nbsp;(7)<\/li>\n\t<li><a href='https:\/\/deportesmil.com\/?m=202004'>abril 2020<\/a>&nbsp;(2)<\/li>\n\t<li><a href='https:\/\/deportesmil.com\/?m=201304'>abril 2013<\/a>&nbsp;(1)<\/li>\n\t<li><a href='https:\/\/deportesmil.com\/?m=201102'>febrero 2011<\/a>&nbsp;(1)<\/li>\n\t\t\t<\/ul>\n\n\t\t\t<\/nav><\/aside><aside id=\"categories-3\" class=\"widget widget_categories\"><h2 class=\"widget-title\">Categor\u00edas<\/h2><nav aria-label=\"Categor\u00edas\">\n\t\t\t<ul>\n\t\t\t\t\t<li class=\"cat-item cat-item-45\"><a href=\"https:\/\/deportesmil.com\/?cat=45\">Deportes<\/a> (13)\n<\/li>\n\t<li class=\"cat-item cat-item-135\"><a href=\"https:\/\/deportesmil.com\/?cat=135\">Econom\u00eda y Finanzas<\/a> (2)\n<\/li>\n\t<li class=\"cat-item cat-item-47\"><a href=\"https:\/\/deportesmil.com\/?cat=47\">Ediciones Impresas (Digitalizadas)<\/a> (2)\n<\/li>\n\t<li class=\"cat-item cat-item-75\"><a href=\"https:\/\/deportesmil.com\/?cat=75\">Eventos<\/a> (1)\n<\/li>\n\t<li class=\"cat-item cat-item-70\"><a href=\"https:\/\/deportesmil.com\/?cat=70\">Malvinas<\/a> (11)\n<\/li>\n\t<li class=\"cat-item cat-item-46\"><a href=\"https:\/\/deportesmil.com\/?cat=46\">Noticias de Inter\u00e9s<\/a> (91)\n<\/li>\n\t\t\t<\/ul>\n\n\t\t\t<\/nav><\/aside><aside id=\"meta-3\" class=\"widget widget_meta\"><h2 class=\"widget-title\">Opciones de Usuario<\/h2><nav aria-label=\"Opciones de Usuario\">\n\t\t<ul>\n\t\t\t\t\t\t<li><a href=\"https:\/\/deportesmil.com\/?panel-admweb\">Acceder<\/a><\/li>\n\t\t\t<li><a href=\"https:\/\/deportesmil.com\/?feed=rss2\">Feed de entradas<\/a><\/li>\n\t\t\t<li><a href=\"https:\/\/deportesmil.com\/?feed=comments-rss2\">Feed de comentarios<\/a><\/li>\n\n\t\t\t<li><a href=\"https:\/\/es.wordpress.org\/\">WordPress.org<\/a><\/li>\n\t\t<\/ul>\n\n\t\t<\/nav><\/aside>\t\t\t\t<\/div>\n\t\t\t\t<\/div>\n\t\t\t\t\t<\/div>\n\t\t<\/div>\n\t\t\t\t\t<\/div>\n\t\t<\/section>\n\t\t\t\t\t<\/div>\n\t\t<\/div>\n\t\t\t\t\t<\/div>\n\t\t<\/section>\n\t\t\t\t<section class=\"elementor-section elementor-top-section elementor-element elementor-element-3c964ed elementor-section-full_width elementor-section-height-default elementor-section-height-default wpr-particle-no wpr-jarallax-no wpr-parallax-no wpr-sticky-section-no wpr-equal-height-no\" data-id=\"3c964ed\" data-element_type=\"section\" data-e-type=\"section\" data-settings=\"{&quot;_ha_eqh_enable&quot;:false}\">\n\t\t\t\t\t\t<div class=\"elementor-container elementor-column-gap-default\">\n\t\t\t\t\t<div class=\"elementor-column elementor-col-100 elementor-top-column elementor-element elementor-element-beb5e1b\" data-id=\"beb5e1b\" data-element_type=\"column\" data-e-type=\"column\">\n\t\t\t<div class=\"elementor-widget-wrap elementor-element-populated\">\n\t\t\t\t\t\t<div class=\"elementor-element elementor-element-80ecac0 elementor-widget elementor-widget-spacer\" data-id=\"80ecac0\" data-element_type=\"widget\" data-e-type=\"widget\" data-widget_type=\"spacer.default\">\n\t\t\t\t<div class=\"elementor-widget-container\">\n\t\t\t\t\t\t\t<div class=\"elementor-spacer\">\n\t\t\t<div class=\"elementor-spacer-inner\"><\/div>\n\t\t<\/div>\n\t\t\t\t\t\t<\/div>\n\t\t\t\t<\/div>\n\t\t\t\t\t<\/div>\n\t\t<\/div>\n\t\t\t\t\t<\/div>\n\t\t<\/section>\n\t\t\t\t<\/div>\n\t\t","protected":false},"excerpt":{"rendered":"<p>125 a\u00f1os de la Base Naval Puerto Belgrano Hacia fines del siglo XIX, la Marina de Guerra nacional exhibi\u00f3 un importante desarrollo, y la voluntad de aumentar la Escuadra involucr\u00f3 la necesidad de contar con un puerto militar capaz de albergar y mantener esas grandes aspiraciones navales. Con la llegada de los primeros buques acorazados adquiridos por nuestro pa\u00eds, comenz\u00f3 a plantearse la urgente necesidad de poseer un complejo portuario militar con diques, talleres y arsenales. Al mismo tiempo, aquellos egresados de las primeras promociones de la Escuela Naval que pensaban una Naci\u00f3n m\u00e1s proyectada hacia el oc\u00e9ano que a los r\u00edos, hab\u00edan alcanzado las jerarqu\u00edas que les permit\u00edan poner en pr\u00e1ctica sus proyectos. Es as\u00ed que tras largos e intensos debates en el seno de la Armada y del gobierno, el 30 de noviembre de 1896 se decret\u00f3 la construcci\u00f3n del primer Puerto Militar del pa\u00eds, hoy la Base Naval Puerto Belgrano. Hab\u00eda sido \u2013en ese momento- el Teniente de Nav\u00edo F\u00e9lix Dufourq quien, contra muchas de las tesis que propon\u00edan un Puerto Militar en cercan\u00edas del r\u00edo de la Plata, hab\u00eda presentado un estudio que promov\u00eda su construcci\u00f3n en un puerto natural de aguas profundas alejado de la capital, por sus mayores ventajas geogr\u00e1ficas y estrat\u00e9gicas. De esta forma, propuso como sitio ideal las inmediaciones de \u201clos bajos del Belgrano\u201d, un fondeadero en la bah\u00eda Blanca que ya era conocido por los marinos y que los acorazados argentinos empleaban para mantener presencia al sur de la provincia de Buenos Aires. El profuso estudio de Dufourq hab\u00eda sido presentado en un concurso del Centro Naval y lleg\u00f3 a manos del entonces presidente de la Naci\u00f3n, Jos\u00e9 Evaristo Uriburu, quien lo remiti\u00f3 al Congreso. El cuerpo legislativo lo aprob\u00f3 ese 30 de noviembre y autoriz\u00f3 al gobierno su construcci\u00f3n. La imponente obra del Puerto Militar fue asignada al ingeniero civil genov\u00e9s Luis Luiggi, con experiencia en trabajos portuarios y en la publicaci\u00f3n de documentos sobre defensa y construcciones navales. Luiggi recorri\u00f3 la costa bonaerense y m\u00e1s al sur tambi\u00e9n, pero concluy\u00f3 que el sitio propuesto por Dufourq era el m\u00e1s adecuado para la futura base naval. FUENTE: gacetamarinera.com.ar Ver publicacion Original<\/p>\n","protected":false},"author":1,"featured_media":5383,"comment_status":"open","ping_status":"closed","sticky":false,"template":"elementor_header_footer","format":"standard","meta":{"site-sidebar-layout":"default","site-content-layout":"page-builder","ast-site-content-layout":"default","site-content-style":"default","site-sidebar-style":"default","ast-global-header-display":"","ast-banner-title-visibility":"","ast-main-header-display":"","ast-hfb-above-header-display":"","ast-hfb-below-header-display":"","ast-hfb-mobile-header-display":"","site-post-title":"","ast-breadcrumbs-content":null,"ast-featured-img":"","footer-sml-layout":"","ast-disable-related-posts":"","theme-transparent-header-meta":"default","adv-header-id-meta":null,"stick-header-meta":null,"header-above-stick-meta":null,"header-main-stick-meta":null,"header-below-stick-meta":null,"astra-migrate-meta-layouts":"default","ast-page-background-enabled":"default","ast-page-background-meta":{"desktop":{"background-color":"","background-image":"","background-repeat":"repeat","background-position":"center center","background-size":"auto","background-attachment":"scroll","background-type":"","background-media":"","overlay-type":"","overlay-color":"","overlay-opacity":"","overlay-gradient":""},"tablet":{"background-color":"","background-image":"","background-repeat":"repeat","background-position":"center center","background-size":"auto","background-attachment":"scroll","background-type":"","background-media":"","overlay-type":"","overlay-color":"","overlay-opacity":"","overlay-gradient":""},"mobile":{"background-color":"","background-image":"","background-repeat":"repeat","background-position":"center center","background-size":"auto","background-attachment":"scroll","background-type":"","background-media":"","overlay-type":"","overlay-color":"","overlay-opacity":"","overlay-gradient":""}},"ast-content-background-meta":{"desktop":{"background-color":"var(--ast-global-color-5)","background-image":"","background-repeat":"repeat","background-position":"center center","background-size":"auto","background-attachment":"scroll","background-type":"","background-media":"","overlay-type":"","overlay-color":"","overlay-opacity":"","overlay-gradient":""},"tablet":{"background-color":"var(--ast-global-color-5)","background-image":"","background-repeat":"repeat","background-position":"center center","background-size":"auto","background-attachment":"scroll","background-type":"","background-media":"","overlay-type":"","overlay-color":"","overlay-opacity":"","overlay-gradient":""},"mobile":{"background-color":"var(--ast-global-color-5)","background-image":"","background-repeat":"repeat","background-position":"center center","background-size":"auto","background-attachment":"scroll","background-type":"","background-media":"","overlay-type":"","overlay-color":"","overlay-opacity":"","overlay-gradient":""}},"pgc_sgb_lightbox_settings":"","footnotes":""},"categories":[46],"tags":[],"class_list":["post-5381","post","type-post","status-publish","format-standard","has-post-thumbnail","hentry","category-info-web-deportesmil"],"_links":{"self":[{"href":"https:\/\/deportesmil.com\/index.php?rest_route=\/wp\/v2\/posts\/5381","targetHints":{"allow":["GET"]}}],"collection":[{"href":"https:\/\/deportesmil.com\/index.php?rest_route=\/wp\/v2\/posts"}],"about":[{"href":"https:\/\/deportesmil.com\/index.php?rest_route=\/wp\/v2\/types\/post"}],"author":[{"embeddable":true,"href":"https:\/\/deportesmil.com\/index.php?rest_route=\/wp\/v2\/users\/1"}],"replies":[{"embeddable":true,"href":"https:\/\/deportesmil.com\/index.php?rest_route=%2Fwp%2Fv2%2Fcomments&post=5381"}],"version-history":[{"count":10,"href":"https:\/\/deportesmil.com\/index.php?rest_route=\/wp\/v2\/posts\/5381\/revisions"}],"predecessor-version":[{"id":5392,"href":"https:\/\/deportesmil.com\/index.php?rest_route=\/wp\/v2\/posts\/5381\/revisions\/5392"}],"wp:featuredmedia":[{"embeddable":true,"href":"https:\/\/deportesmil.com\/index.php?rest_route=\/wp\/v2\/media\/5383"}],"wp:attachment":[{"href":"https:\/\/deportesmil.com\/index.php?rest_route=%2Fwp%2Fv2%2Fmedia&parent=5381"}],"wp:term":[{"taxonomy":"category","embeddable":true,"href":"https:\/\/deportesmil.com\/index.php?rest_route=%2Fwp%2Fv2%2Fcategories&post=5381"},{"taxonomy":"post_tag","embeddable":true,"href":"https:\/\/deportesmil.com\/index.php?rest_route=%2Fwp%2Fv2%2Ftags&post=5381"}],"curies":[{"name":"wp","href":"https:\/\/api.w.org\/{rel}","templated":true}]}}