{"id":4551,"date":"2021-06-20T12:40:00","date_gmt":"2021-06-20T15:40:00","guid":{"rendered":"https:\/\/deportesmil.com\/?p=4551"},"modified":"2021-09-28T12:52:28","modified_gmt":"2021-09-28T15:52:28","slug":"argentina-renovara-ante-la-onu-su-reclamo-por-la-soberania-de-las-islas-malvinas","status":"publish","type":"post","link":"https:\/\/deportesmil.com\/?p=4551","title":{"rendered":"EL 21 DE JUNIO de 2021 LA ARGENTINA RENOVAR\u00c1 EN LA ORGANIZACI\u00d3N DE NACIONES UNIDAS (ONU) SU RECLAMO POR LA SOBERAN\u00cdA SOBRE LAS ISLAS MALVINAS."},"content":{"rendered":"\t\t<div data-elementor-type=\"wp-post\" data-elementor-id=\"4551\" class=\"elementor elementor-4551\" data-elementor-settings=\"{&quot;ha_cmc_init_switcher&quot;:&quot;no&quot;}\">\n\t\t\t\t\t\t<section class=\"elementor-section elementor-top-section elementor-element elementor-element-d1d4f64 elementor-section-full_width elementor-section-height-default elementor-section-height-default wpr-particle-no wpr-jarallax-no wpr-parallax-no wpr-sticky-section-no wpr-equal-height-no\" data-id=\"d1d4f64\" data-element_type=\"section\" data-e-type=\"section\" data-settings=\"{&quot;_ha_eqh_enable&quot;:false}\">\n\t\t\t\t\t\t<div class=\"elementor-container elementor-column-gap-default\">\n\t\t\t\t\t<div class=\"elementor-column elementor-col-100 elementor-top-column elementor-element elementor-element-d45515f contenedor-glassdos\" data-id=\"d45515f\" data-element_type=\"column\" data-e-type=\"column\">\n\t\t\t<div class=\"elementor-widget-wrap elementor-element-populated\">\n\t\t\t\t\t\t<section class=\"elementor-section elementor-inner-section elementor-element elementor-element-02d8a33 elementor-section-full_width elementor-section-height-default elementor-section-height-default wpr-particle-no wpr-jarallax-no wpr-parallax-no wpr-sticky-section-no wpr-equal-height-no\" data-id=\"02d8a33\" data-element_type=\"section\" data-e-type=\"section\" data-settings=\"{&quot;_ha_eqh_enable&quot;:false}\">\n\t\t\t\t\t\t<div class=\"elementor-container elementor-column-gap-default\">\n\t\t\t\t\t<div class=\"elementor-column elementor-col-50 elementor-inner-column elementor-element elementor-element-99ed0b8\" data-id=\"99ed0b8\" data-element_type=\"column\" data-e-type=\"column\">\n\t\t\t<div class=\"elementor-widget-wrap elementor-element-populated\">\n\t\t\t\t\t\t<div class=\"elementor-element elementor-element-189283e elementor-widget elementor-widget-image\" data-id=\"189283e\" data-element_type=\"widget\" data-e-type=\"widget\" data-widget_type=\"image.default\">\n\t\t\t\t<div class=\"elementor-widget-container\">\n\t\t\t\t\t\t\t\t\t\t\t\t\t\t\t<img fetchpriority=\"high\" decoding=\"async\" width=\"1024\" height=\"576\" src=\"https:\/\/deportesmil.com\/wp-content\/uploads\/2021\/06\/1624495092598-1024x576.webp\" class=\"attachment-large size-large wp-image-4554\" alt=\"\" srcset=\"https:\/\/deportesmil.com\/wp-content\/uploads\/2021\/06\/1624495092598-1024x576.webp 1024w, https:\/\/deportesmil.com\/wp-content\/uploads\/2021\/06\/1624495092598-300x169.webp 300w, https:\/\/deportesmil.com\/wp-content\/uploads\/2021\/06\/1624495092598-768x432.webp 768w, https:\/\/deportesmil.com\/wp-content\/uploads\/2021\/06\/1624495092598-570x321.webp 570w, https:\/\/deportesmil.com\/wp-content\/uploads\/2021\/06\/1624495092598-270x152.webp 270w, https:\/\/deportesmil.com\/wp-content\/uploads\/2021\/06\/1624495092598-600x338.webp 600w, https:\/\/deportesmil.com\/wp-content\/uploads\/2021\/06\/1624495092598.webp 1280w\" sizes=\"(max-width: 1024px) 100vw, 1024px\" \/>\t\t\t\t\t\t\t\t\t\t\t\t\t\t\t<\/div>\n\t\t\t\t<\/div>\n\t\t\t\t<div class=\"elementor-element elementor-element-f5fb2d3 elementor-widget elementor-widget-heading\" data-id=\"f5fb2d3\" data-element_type=\"widget\" data-e-type=\"widget\" data-widget_type=\"heading.default\">\n\t\t\t\t<div class=\"elementor-widget-container\">\n\t\t\t\t\t<h2 class=\"elementor-heading-title elementor-size-large\"><a href=\"https:\/\/www.eldestapeweb.com\/politica\/islas-malvinas\/argentina-renovara-ante-la-onu-su-reclamo-por-la-soberania-de-las-islas-malvinas-202162321380\">El 21 De Junio De 2021 La Argentina Renovar\u00e1 En La Organizaci\u00f3n De Naciones Unidas (ONU) su reclamo por la Soberan\u00eda sobre las Islas MALVINAS.<\/a><\/h2>\t\t\t\t<\/div>\n\t\t\t\t<\/div>\n\t\t\t\t<div class=\"elementor-element elementor-element-1a34f6b elementor-widget elementor-widget-text-editor\" data-id=\"1a34f6b\" data-element_type=\"widget\" data-e-type=\"widget\" data-widget_type=\"text-editor.default\">\n\t\t\t\t<div class=\"elementor-widget-container\">\n\t\t\t\t\t\t\t\t\t<p class=\"text-justify\">La Argentina renovar\u00e1 ma\u00f1ana en la Organizaci\u00f3n de Naciones Unidas (ONU) su reclamo por la soberan\u00eda sobre las Islas Malvinas, Georgias del Sur y S\u00e1ndwich del Sur y los espacios mar\u00edtimos circundantes. El canciller Felipe Sol\u00e1 expondr\u00e1 ante el Comit\u00e9 de Descolonizaci\u00f3n del organismo internacional, donde adem\u00e1s rechazar\u00e1 la creciente militarizaci\u00f3n brit\u00e1nica del archipi\u00e9lago.<\/p><br>\n\n<p class=\"text-justify\">En sinton\u00eda con el lugar prioritario que ocupa la Cuesti\u00f3n Malvinas en la agenda exterior del Gobierno, Sol\u00e1 arrib\u00f3 a Nueva York dos d\u00edas antes de la nueva sesi\u00f3n del Comit\u00e9 de Descolonizaci\u00f3n (tambi\u00e9n conocido como C-24), donde la Argentina espera obtener un fuerte apoyo a su reclamo. A horas de aterrizar, Sol\u00e1 tuvo una reuni\u00f3n -la primera de una serie de encuentros- con el secretario general de la ONU, Ant\u00f3nio Guterres, a quien le pidi\u00f3 que interceda ante Londres para que la administraci\u00f3n de Boris Johnson, &#8220;consienta reanudar las conversaciones sobre la soberan\u00eda de las islas&#8221;, seg\u00fan inform\u00f3 el Palacio San Mart\u00edn.<\/p><br>\n\n<p class=\"text-justify\">El encuentro con el secretario general marc\u00f3 el inicio de la nutrida agenda oficial de Sol\u00e1 en Nueva York, donde adem\u00e1s mantuvo un encuentro con el presidente de la Asamblea General del organismo internacional, Volkan Bozkir. En su reuni\u00f3n con Guterres, Sol\u00e1 tambi\u00e9n ratific\u00f3 el &#8220;firme&#8221; apoyo argentino a la misi\u00f3n de buenos oficios encomendada por la Asamblea General al secretario general, cuyo objetivo es lograr que la Argentina y el Reino Unido reanuden las negociaciones de soberan\u00eda respecto de la Cuesti\u00f3n Malvinas, de conformidad con el mandato establecido y reiterado en numerosas resoluciones de esta asamblea y su comit\u00e9 especial de descolonizaci\u00f3n.<\/p><br>\n\n<p class=\"text-justify\">En ese encuentro, el canciller estuvo acompa\u00f1ado por su jefe de Gabinete, Guillermo Justo Chaves; el secretario de Malvinas, Ant\u00e1rtida y Atl\u00e1ntico Sur, Daniel Filmus; y la representante permanente argentina ante las Naciones Unidas, embajadora Mar\u00eda del Carmen Squeff, quienes tambi\u00e9n estar\u00e1n presentes en la sesi\u00f3n del Comit\u00e9 de Descolonizaci\u00f3n de ma\u00f1ana.<\/p><br>\n\n<p class=\"text-justify\">&#8220;El reclamo es hoy m\u00e1s firme que nunca&#8221;, enfatiz\u00f3 Sol\u00e1 apenas pis\u00f3 suelo estadounidense, donde hoy continu\u00f3 con las actividades marcadas en su agenda. Seg\u00fan se inform\u00f3 oficialmente, previo a su discurso ma\u00f1ana ante el Comit\u00e9 de Descolonizaci\u00f3n, el jefe del Palacio San Mart\u00edn -junto al secretario Filmus- se reuni\u00f3 esta tarde con el presidente de la Asamblea General de la ONU, Volkan Bozkir.<\/p><br>\n\n<p class=\"text-justify\">La sesi\u00f3n del Comit\u00e9 Especial sobre la Cuesti\u00f3n de las islas Malvinas se iniciar\u00e1 a las 10, en el edificio de las Naciones Unidas en Nueva York. La intervenci\u00f3n del canciller argentino ser\u00e1 luego de la exposici\u00f3n de peticionarios brit\u00e1nicos y argentinos, y de la presentaci\u00f3n del proyecto de resoluci\u00f3n a cargo del representante Permanente de Chile, Milenko Skoknic Tapia.<\/p><br>\n\n<p class=\"text-justify\">En su exposici\u00f3n, Sol\u00e1 formalizar\u00e1 ante el Comit\u00e9 el rechazo de la administraci\u00f3n de Alberto Fern\u00e1ndez a la creciente militarizaci\u00f3n brit\u00e1nica en el archipi\u00e9lago durante los \u00faltimos meses, que motiv\u00f3 reiterados reclamos de la Casa Rosada, adelantaron a esta agencia fuentes de la Canciller\u00eda. De hecho, el 14 de junio pasado, al encabezar un acto de homenaje a los veteranos de la Guerra de Malvinas, el ministro de Defensa, Agust\u00edn Rossi, critic\u00f3 la pol\u00edtica &#8220;colonial&#8221; del Reino Unido, con ejercicios militares &#8220;ofensivos&#8221;, tal como si la guerra &#8220;no hubiera terminado&#8221;.<\/p><br>\n\n<p class=\"text-justify\">En esa oportunidad, Rossi se\u00f1al\u00f3 adem\u00e1s que el Reino Unido convirti\u00f3 a &#8220;Malvinas en un enclave militar, donde hay tantos isle\u00f1os como soldados&#8221; y en el que se realizan &#8220;ejercicios&#8221; armados que merecen &#8220;condena permanente&#8221;.<\/p><br>\t\t\t\t\t\t\t\t<\/div>\n\t\t\t\t<\/div>\n\t\t\t\t<div class=\"elementor-element elementor-element-f606f63 elementor-widget elementor-widget-eael-creative-button\" data-id=\"f606f63\" data-element_type=\"widget\" data-e-type=\"widget\" data-widget_type=\"eael-creative-button.default\">\n\t\t\t\t<div class=\"elementor-widget-container\">\n\t\t\t\t\t        <div class=\"eael-creative-button-wrapper\">\n\n            <a class=\"eael-creative-button eael-creative-button--default eael-cb-icon-position-left\" href=\"https:\/\/www.eldestapeweb.com\/politica\/islas-malvinas\/argentina-renovara-ante-la-onu-su-reclamo-por-la-soberania-de-las-islas-malvinas-202162321380\" target=\"_blank\" data-text=\"\">\n            \t    \n                <div class=\"creative-button-inner\">\n\n                                            <span class=\"eael-creative-button-icon-left\"><i aria-hidden=\"true\" class=\"fab fa-readme\"><\/i><\/span>                    \n                    <span class=\"cretive-button-text\">Ir a Publicaci\u00f3n<\/span>\n\n                                    <\/div>\n\t                        <\/a>\n        <\/div>\n        \t\t\t\t<\/div>\n\t\t\t\t<\/div>\n\t\t\t\t<div class=\"elementor-element elementor-element-a48c7b9 elementor-widget elementor-widget-heading\" data-id=\"a48c7b9\" data-element_type=\"widget\" data-e-type=\"widget\" data-widget_type=\"heading.default\">\n\t\t\t\t<div class=\"elementor-widget-container\">\n\t\t\t\t\t<h2 class=\"elementor-heading-title elementor-size-default\"><a href=\"https:\/\/www.eldestapeweb.com\/politica\/islas-malvinas\/argentina-renovara-ante-la-onu-su-reclamo-por-la-soberania-de-las-islas-malvinas-202162321380\">FUENTE ORIGEN: El Destape Web<\/a><\/h2>\t\t\t\t<\/div>\n\t\t\t\t<\/div>\n\t\t\t\t\t<\/div>\n\t\t<\/div>\n\t\t\t\t<div class=\"elementor-column elementor-col-50 elementor-inner-column elementor-element elementor-element-7b6c15c\" data-id=\"7b6c15c\" data-element_type=\"column\" data-e-type=\"column\">\n\t\t\t<div class=\"elementor-widget-wrap elementor-element-populated\">\n\t\t\t\t\t\t<div class=\"elementor-element elementor-element-114a53e elementor-widget elementor-widget-sidebar\" data-id=\"114a53e\" data-element_type=\"widget\" data-e-type=\"widget\" data-widget_type=\"sidebar.default\">\n\t\t\t\t<div class=\"elementor-widget-container\">\n\t\t\t\t\t<aside id=\"search-3\" class=\"widget widget_search\"><form  class=\"is-search-form is-form-style is-form-style-3 is-form-id-2484 \" action=\"https:\/\/deportesmil.com\/\" method=\"get\" role=\"search\" ><label for=\"is-search-input-2484\"><span class=\"is-screen-reader-text\">Buscar:<\/span><input  type=\"search\" id=\"is-search-input-2484\" name=\"s\" value=\"\" class=\"is-search-input\" placeholder=\"Busqueda...\" autocomplete=off \/><\/label><button type=\"submit\" class=\"is-search-submit\"><span class=\"is-screen-reader-text\">Bot\u00f3n de b\u00fasqueda<\/span><span class=\"is-search-icon\"><svg focusable=\"false\" aria-label=\"Buscar\" xmlns=\"http:\/\/www.w3.org\/2000\/svg\" viewBox=\"0 0 24 24\" width=\"24px\"><path d=\"M15.5 14h-.79l-.28-.27C15.41 12.59 16 11.11 16 9.5 16 5.91 13.09 3 9.5 3S3 5.91 3 9.5 5.91 16 9.5 16c1.61 0 3.09-.59 4.23-1.57l.27.28v.79l5 4.99L20.49 19l-4.99-5zm-6 0C7.01 14 5 11.99 5 9.5S7.01 5 9.5 5 14 7.01 14 9.5 11.99 14 9.5 14z\"><\/path><\/svg><\/span><\/button><input type=\"hidden\" name=\"post_type\" value=\"post\" \/><\/form><\/aside>\n\t\t<aside id=\"recent-posts-3\" class=\"widget widget_recent_entries\">\n\t\t<h2 class=\"widget-title\">Entradas recientes<\/h2><nav aria-label=\"Entradas recientes\">\n\t\t<ul>\n\t\t\t\t\t\t\t\t\t\t\t<li>\n\t\t\t\t\t<a href=\"https:\/\/deportesmil.com\/?p=7602\">02 DE ABRIL: D\u00eda del Veterano y de los Ca\u00eddos en las Malvinas<\/a>\n\t\t\t\t\t\t\t\t\t\t\t<span class=\"post-date\">2-abril-2026<\/span>\n\t\t\t\t\t\t\t\t\t<\/li>\n\t\t\t\t\t\t\t\t\t\t\t<li>\n\t\t\t\t\t<a href=\"https:\/\/deportesmil.com\/?p=7588\">Paz a sus restos.<\/a>\n\t\t\t\t\t\t\t\t\t\t\t<span class=\"post-date\">25-marzo-2026<\/span>\n\t\t\t\t\t\t\t\t\t<\/li>\n\t\t\t\t\t\t\t\t\t\t\t<li>\n\t\t\t\t\t<a href=\"https:\/\/deportesmil.com\/?p=7569\">Motoencuentro \u201cH\u00e9roes de Malvinas\u201d 2025<\/a>\n\t\t\t\t\t\t\t\t\t\t\t<span class=\"post-date\">19-agosto-2025<\/span>\n\t\t\t\t\t\t\t\t\t<\/li>\n\t\t\t\t\t\t\t\t\t\t\t<li>\n\t\t\t\t\t<a href=\"https:\/\/deportesmil.com\/?p=7560\">Aniversario del Ej\u00e9rcito Nacional de Colombia<\/a>\n\t\t\t\t\t\t\t\t\t\t\t<span class=\"post-date\">7-agosto-2025<\/span>\n\t\t\t\t\t\t\t\t\t<\/li>\n\t\t\t\t\t\t\t\t\t\t\t<li>\n\t\t\t\t\t<a href=\"https:\/\/deportesmil.com\/?p=7544\">29 de Mayo: D\u00eda del Ej\u00e9rcito<\/a>\n\t\t\t\t\t\t\t\t\t\t\t<span class=\"post-date\">29-mayo-2025<\/span>\n\t\t\t\t\t\t\t\t\t<\/li>\n\t\t\t\t\t\t\t\t\t\t\t<li>\n\t\t\t\t\t<a href=\"https:\/\/deportesmil.com\/?p=7534\">Edici\u00f3n Marzo 2025<\/a>\n\t\t\t\t\t\t\t\t\t\t\t<span class=\"post-date\">19-mayo-2025<\/span>\n\t\t\t\t\t\t\t\t\t<\/li>\n\t\t\t\t\t\t\t\t\t\t\t<li>\n\t\t\t\t\t<a href=\"https:\/\/deportesmil.com\/?p=7455\">\u00a1Feliz Aniversario, Promoci\u00f3n 36 de Infanter\u00eda de Marina!<\/a>\n\t\t\t\t\t\t\t\t\t\t\t<span class=\"post-date\">27-abril-2025<\/span>\n\t\t\t\t\t\t\t\t\t<\/li>\n\t\t\t\t\t\t\t\t\t\t\t<li>\n\t\t\t\t\t<a href=\"https:\/\/deportesmil.com\/?p=7447\">21 de Abril: Muere el Papa Francisco a los 88 a\u00f1os de edad<\/a>\n\t\t\t\t\t\t\t\t\t\t\t<span class=\"post-date\">22-abril-2025<\/span>\n\t\t\t\t\t\t\t\t\t<\/li>\n\t\t\t\t\t<\/ul>\n\n\t\t<\/nav><\/aside><aside id=\"archives-3\" class=\"widget widget_archive\"><h2 class=\"widget-title\">Archivos<\/h2><nav aria-label=\"Archivos\">\n\t\t\t<ul>\n\t\t\t\t\t<li><a href='https:\/\/deportesmil.com\/?m=202604'>abril 2026<\/a>&nbsp;(1)<\/li>\n\t<li><a href='https:\/\/deportesmil.com\/?m=202603'>marzo 2026<\/a>&nbsp;(1)<\/li>\n\t<li><a href='https:\/\/deportesmil.com\/?m=202508'>agosto 2025<\/a>&nbsp;(2)<\/li>\n\t<li><a href='https:\/\/deportesmil.com\/?m=202505'>mayo 2025<\/a>&nbsp;(2)<\/li>\n\t<li><a href='https:\/\/deportesmil.com\/?m=202504'>abril 2025<\/a>&nbsp;(3)<\/li>\n\t<li><a href='https:\/\/deportesmil.com\/?m=202412'>diciembre 2024<\/a>&nbsp;(1)<\/li>\n\t<li><a href='https:\/\/deportesmil.com\/?m=202405'>mayo 2024<\/a>&nbsp;(5)<\/li>\n\t<li><a href='https:\/\/deportesmil.com\/?m=202404'>abril 2024<\/a>&nbsp;(3)<\/li>\n\t<li><a href='https:\/\/deportesmil.com\/?m=202403'>marzo 2024<\/a>&nbsp;(3)<\/li>\n\t<li><a href='https:\/\/deportesmil.com\/?m=202402'>febrero 2024<\/a>&nbsp;(1)<\/li>\n\t<li><a href='https:\/\/deportesmil.com\/?m=202311'>noviembre 2023<\/a>&nbsp;(2)<\/li>\n\t<li><a href='https:\/\/deportesmil.com\/?m=202310'>octubre 2023<\/a>&nbsp;(1)<\/li>\n\t<li><a href='https:\/\/deportesmil.com\/?m=202309'>septiembre 2023<\/a>&nbsp;(2)<\/li>\n\t<li><a href='https:\/\/deportesmil.com\/?m=202308'>agosto 2023<\/a>&nbsp;(4)<\/li>\n\t<li><a href='https:\/\/deportesmil.com\/?m=202307'>julio 2023<\/a>&nbsp;(4)<\/li>\n\t<li><a href='https:\/\/deportesmil.com\/?m=202306'>junio 2023<\/a>&nbsp;(4)<\/li>\n\t<li><a href='https:\/\/deportesmil.com\/?m=202305'>mayo 2023<\/a>&nbsp;(7)<\/li>\n\t<li><a href='https:\/\/deportesmil.com\/?m=202304'>abril 2023<\/a>&nbsp;(1)<\/li>\n\t<li><a href='https:\/\/deportesmil.com\/?m=202302'>febrero 2023<\/a>&nbsp;(2)<\/li>\n\t<li><a href='https:\/\/deportesmil.com\/?m=202301'>enero 2023<\/a>&nbsp;(1)<\/li>\n\t<li><a href='https:\/\/deportesmil.com\/?m=202212'>diciembre 2022<\/a>&nbsp;(2)<\/li>\n\t<li><a href='https:\/\/deportesmil.com\/?m=202211'>noviembre 2022<\/a>&nbsp;(4)<\/li>\n\t<li><a href='https:\/\/deportesmil.com\/?m=202210'>octubre 2022<\/a>&nbsp;(4)<\/li>\n\t<li><a href='https:\/\/deportesmil.com\/?m=202209'>septiembre 2022<\/a>&nbsp;(1)<\/li>\n\t<li><a href='https:\/\/deportesmil.com\/?m=202208'>agosto 2022<\/a>&nbsp;(2)<\/li>\n\t<li><a href='https:\/\/deportesmil.com\/?m=202207'>julio 2022<\/a>&nbsp;(1)<\/li>\n\t<li><a href='https:\/\/deportesmil.com\/?m=202206'>junio 2022<\/a>&nbsp;(1)<\/li>\n\t<li><a href='https:\/\/deportesmil.com\/?m=202205'>mayo 2022<\/a>&nbsp;(9)<\/li>\n\t<li><a href='https:\/\/deportesmil.com\/?m=202204'>abril 2022<\/a>&nbsp;(2)<\/li>\n\t<li><a href='https:\/\/deportesmil.com\/?m=202203'>marzo 2022<\/a>&nbsp;(1)<\/li>\n\t<li><a href='https:\/\/deportesmil.com\/?m=202202'>febrero 2022<\/a>&nbsp;(3)<\/li>\n\t<li><a href='https:\/\/deportesmil.com\/?m=202111'>noviembre 2021<\/a>&nbsp;(4)<\/li>\n\t<li><a href='https:\/\/deportesmil.com\/?m=202110'>octubre 2021<\/a>&nbsp;(3)<\/li>\n\t<li><a href='https:\/\/deportesmil.com\/?m=202109'>septiembre 2021<\/a>&nbsp;(7)<\/li>\n\t<li><a href='https:\/\/deportesmil.com\/?m=202108'>agosto 2021<\/a>&nbsp;(4)<\/li>\n\t<li><a href='https:\/\/deportesmil.com\/?m=202107'>julio 2021<\/a>&nbsp;(1)<\/li>\n\t<li><a href='https:\/\/deportesmil.com\/?m=202106'>junio 2021<\/a>&nbsp;(7)<\/li>\n\t<li><a href='https:\/\/deportesmil.com\/?m=202004'>abril 2020<\/a>&nbsp;(2)<\/li>\n\t<li><a href='https:\/\/deportesmil.com\/?m=201304'>abril 2013<\/a>&nbsp;(1)<\/li>\n\t<li><a href='https:\/\/deportesmil.com\/?m=201102'>febrero 2011<\/a>&nbsp;(1)<\/li>\n\t\t\t<\/ul>\n\n\t\t\t<\/nav><\/aside><aside id=\"categories-3\" class=\"widget widget_categories\"><h2 class=\"widget-title\">Categor\u00edas<\/h2><nav aria-label=\"Categor\u00edas\">\n\t\t\t<ul>\n\t\t\t\t\t<li class=\"cat-item cat-item-45\"><a href=\"https:\/\/deportesmil.com\/?cat=45\">Deportes<\/a> (13)\n<\/li>\n\t<li class=\"cat-item cat-item-135\"><a href=\"https:\/\/deportesmil.com\/?cat=135\">Econom\u00eda y Finanzas<\/a> (2)\n<\/li>\n\t<li class=\"cat-item cat-item-47\"><a href=\"https:\/\/deportesmil.com\/?cat=47\">Ediciones Impresas (Digitalizadas)<\/a> (2)\n<\/li>\n\t<li class=\"cat-item cat-item-75\"><a href=\"https:\/\/deportesmil.com\/?cat=75\">Eventos<\/a> (1)\n<\/li>\n\t<li class=\"cat-item cat-item-70\"><a href=\"https:\/\/deportesmil.com\/?cat=70\">Malvinas<\/a> (11)\n<\/li>\n\t<li class=\"cat-item cat-item-46\"><a href=\"https:\/\/deportesmil.com\/?cat=46\">Noticias de Inter\u00e9s<\/a> (91)\n<\/li>\n\t\t\t<\/ul>\n\n\t\t\t<\/nav><\/aside><aside id=\"meta-3\" class=\"widget widget_meta\"><h2 class=\"widget-title\">Opciones de Usuario<\/h2><nav aria-label=\"Opciones de Usuario\">\n\t\t<ul>\n\t\t\t\t\t\t<li><a href=\"https:\/\/deportesmil.com\/?panel-admweb\">Acceder<\/a><\/li>\n\t\t\t<li><a href=\"https:\/\/deportesmil.com\/?feed=rss2\">Feed de entradas<\/a><\/li>\n\t\t\t<li><a href=\"https:\/\/deportesmil.com\/?feed=comments-rss2\">Feed de comentarios<\/a><\/li>\n\n\t\t\t<li><a href=\"https:\/\/es.wordpress.org\/\">WordPress.org<\/a><\/li>\n\t\t<\/ul>\n\n\t\t<\/nav><\/aside>\t\t\t\t<\/div>\n\t\t\t\t<\/div>\n\t\t\t\t\t<\/div>\n\t\t<\/div>\n\t\t\t\t\t<\/div>\n\t\t<\/section>\n\t\t\t\t\t<\/div>\n\t\t<\/div>\n\t\t\t\t\t<\/div>\n\t\t<\/section>\n\t\t\t\t<section class=\"elementor-section elementor-top-section elementor-element elementor-element-3c964ed elementor-section-full_width elementor-section-height-default elementor-section-height-default wpr-particle-no wpr-jarallax-no wpr-parallax-no wpr-sticky-section-no wpr-equal-height-no\" data-id=\"3c964ed\" data-element_type=\"section\" data-e-type=\"section\" data-settings=\"{&quot;_ha_eqh_enable&quot;:false}\">\n\t\t\t\t\t\t<div class=\"elementor-container elementor-column-gap-default\">\n\t\t\t\t\t<div class=\"elementor-column elementor-col-100 elementor-top-column elementor-element elementor-element-beb5e1b\" data-id=\"beb5e1b\" data-element_type=\"column\" data-e-type=\"column\">\n\t\t\t<div class=\"elementor-widget-wrap elementor-element-populated\">\n\t\t\t\t\t\t<div class=\"elementor-element elementor-element-80ecac0 elementor-widget elementor-widget-spacer\" data-id=\"80ecac0\" data-element_type=\"widget\" data-e-type=\"widget\" data-widget_type=\"spacer.default\">\n\t\t\t\t<div class=\"elementor-widget-container\">\n\t\t\t\t\t\t\t<div class=\"elementor-spacer\">\n\t\t\t<div class=\"elementor-spacer-inner\"><\/div>\n\t\t<\/div>\n\t\t\t\t\t\t<\/div>\n\t\t\t\t<\/div>\n\t\t\t\t\t<\/div>\n\t\t<\/div>\n\t\t\t\t\t<\/div>\n\t\t<\/section>\n\t\t\t\t<\/div>\n\t\t","protected":false},"excerpt":{"rendered":"<p>El 21 De Junio De 2021 La Argentina Renovar\u00e1 En La Organizaci\u00f3n De Naciones Unidas (ONU) su reclamo por la Soberan\u00eda sobre las Islas MALVINAS. La Argentina renovar\u00e1 ma\u00f1ana en la Organizaci\u00f3n de Naciones Unidas (ONU) su reclamo por la soberan\u00eda sobre las Islas Malvinas, Georgias del Sur y S\u00e1ndwich del Sur y los espacios mar\u00edtimos circundantes. El canciller Felipe Sol\u00e1 expondr\u00e1 ante el Comit\u00e9 de Descolonizaci\u00f3n del organismo internacional, donde adem\u00e1s rechazar\u00e1 la creciente militarizaci\u00f3n brit\u00e1nica del archipi\u00e9lago. En sinton\u00eda con el lugar prioritario que ocupa la Cuesti\u00f3n Malvinas en la agenda exterior del Gobierno, Sol\u00e1 arrib\u00f3 a Nueva York dos d\u00edas antes de la nueva sesi\u00f3n del Comit\u00e9 de Descolonizaci\u00f3n (tambi\u00e9n conocido como C-24), donde la Argentina espera obtener un fuerte apoyo a su reclamo. A horas de aterrizar, Sol\u00e1 tuvo una reuni\u00f3n -la primera de una serie de encuentros- con el secretario general de la ONU, Ant\u00f3nio Guterres, a quien le pidi\u00f3 que interceda ante Londres para que la administraci\u00f3n de Boris Johnson, &#8220;consienta reanudar las conversaciones sobre la soberan\u00eda de las islas&#8221;, seg\u00fan inform\u00f3 el Palacio San Mart\u00edn. El encuentro con el secretario general marc\u00f3 el inicio de la nutrida agenda oficial de Sol\u00e1 en Nueva York, donde adem\u00e1s mantuvo un encuentro con el presidente de la Asamblea General del organismo internacional, Volkan Bozkir. En su reuni\u00f3n con Guterres, Sol\u00e1 tambi\u00e9n ratific\u00f3 el &#8220;firme&#8221; apoyo argentino a la misi\u00f3n de buenos oficios encomendada por la Asamblea General al secretario general, cuyo objetivo es lograr que la Argentina y el Reino Unido reanuden las negociaciones de soberan\u00eda respecto de la Cuesti\u00f3n Malvinas, de conformidad con el mandato establecido y reiterado en numerosas resoluciones de esta asamblea y su comit\u00e9 especial de descolonizaci\u00f3n. En ese encuentro, el canciller estuvo acompa\u00f1ado por su jefe de Gabinete, Guillermo Justo Chaves; el secretario de Malvinas, Ant\u00e1rtida y Atl\u00e1ntico Sur, Daniel Filmus; y la representante permanente argentina ante las Naciones Unidas, embajadora Mar\u00eda del Carmen Squeff, quienes tambi\u00e9n estar\u00e1n presentes en la sesi\u00f3n del Comit\u00e9 de Descolonizaci\u00f3n de ma\u00f1ana. &#8220;El reclamo es hoy m\u00e1s firme que nunca&#8221;, enfatiz\u00f3 Sol\u00e1 apenas pis\u00f3 suelo estadounidense, donde hoy continu\u00f3 con las actividades marcadas en su agenda. Seg\u00fan se inform\u00f3 oficialmente, previo a su discurso ma\u00f1ana ante el Comit\u00e9 de Descolonizaci\u00f3n, el jefe del Palacio San Mart\u00edn -junto al secretario Filmus- se reuni\u00f3 esta tarde con el presidente de la Asamblea General de la ONU, Volkan Bozkir. La sesi\u00f3n del Comit\u00e9 Especial sobre la Cuesti\u00f3n de las islas Malvinas se iniciar\u00e1 a las 10, en el edificio de las Naciones Unidas en Nueva York. La intervenci\u00f3n del canciller argentino ser\u00e1 luego de la exposici\u00f3n de peticionarios brit\u00e1nicos y argentinos, y de la presentaci\u00f3n del proyecto de resoluci\u00f3n a cargo del representante Permanente de Chile, Milenko Skoknic Tapia. En su exposici\u00f3n, Sol\u00e1 formalizar\u00e1 ante el Comit\u00e9 el rechazo de la administraci\u00f3n de Alberto Fern\u00e1ndez a la creciente militarizaci\u00f3n brit\u00e1nica en el archipi\u00e9lago durante los \u00faltimos meses, que motiv\u00f3 reiterados reclamos de la Casa Rosada, adelantaron a esta agencia fuentes de la Canciller\u00eda. De hecho, el 14 de junio pasado, al encabezar un acto de homenaje a los veteranos de la Guerra de Malvinas, el ministro de Defensa, Agust\u00edn Rossi, critic\u00f3 la pol\u00edtica &#8220;colonial&#8221; del Reino Unido, con ejercicios militares &#8220;ofensivos&#8221;, tal como si la guerra &#8220;no hubiera terminado&#8221;. En esa oportunidad, Rossi se\u00f1al\u00f3 adem\u00e1s que el Reino Unido convirti\u00f3 a &#8220;Malvinas en un enclave militar, donde hay tantos isle\u00f1os como soldados&#8221; y en el que se realizan &#8220;ejercicios&#8221; armados que merecen &#8220;condena permanente&#8221;. Ir a Publicaci\u00f3n FUENTE ORIGEN: El Destape Web<\/p>\n","protected":false},"author":1,"featured_media":4552,"comment_status":"open","ping_status":"open","sticky":false,"template":"elementor_header_footer","format":"standard","meta":{"site-sidebar-layout":"default","site-content-layout":"page-builder","ast-site-content-layout":"default","site-content-style":"default","site-sidebar-style":"default","ast-global-header-display":"","ast-banner-title-visibility":"","ast-main-header-display":"","ast-hfb-above-header-display":"","ast-hfb-below-header-display":"","ast-hfb-mobile-header-display":"","site-post-title":"","ast-breadcrumbs-content":"","ast-featured-img":"","footer-sml-layout":"","ast-disable-related-posts":"","theme-transparent-header-meta":"default","adv-header-id-meta":"","stick-header-meta":"","header-above-stick-meta":"","header-main-stick-meta":"","header-below-stick-meta":"","astra-migrate-meta-layouts":"default","ast-page-background-enabled":"default","ast-page-background-meta":{"desktop":{"background-color":"","background-image":"","background-repeat":"repeat","background-position":"center center","background-size":"auto","background-attachment":"scroll","background-type":"","background-media":"","overlay-type":"","overlay-color":"","overlay-opacity":"","overlay-gradient":""},"tablet":{"background-color":"","background-image":"","background-repeat":"repeat","background-position":"center center","background-size":"auto","background-attachment":"scroll","background-type":"","background-media":"","overlay-type":"","overlay-color":"","overlay-opacity":"","overlay-gradient":""},"mobile":{"background-color":"","background-image":"","background-repeat":"repeat","background-position":"center center","background-size":"auto","background-attachment":"scroll","background-type":"","background-media":"","overlay-type":"","overlay-color":"","overlay-opacity":"","overlay-gradient":""}},"ast-content-background-meta":{"desktop":{"background-color":"var(--ast-global-color-5)","background-image":"","background-repeat":"repeat","background-position":"center center","background-size":"auto","background-attachment":"scroll","background-type":"","background-media":"","overlay-type":"","overlay-color":"","overlay-opacity":"","overlay-gradient":""},"tablet":{"background-color":"var(--ast-global-color-5)","background-image":"","background-repeat":"repeat","background-position":"center center","background-size":"auto","background-attachment":"scroll","background-type":"","background-media":"","overlay-type":"","overlay-color":"","overlay-opacity":"","overlay-gradient":""},"mobile":{"background-color":"var(--ast-global-color-5)","background-image":"","background-repeat":"repeat","background-position":"center center","background-size":"auto","background-attachment":"scroll","background-type":"","background-media":"","overlay-type":"","overlay-color":"","overlay-opacity":"","overlay-gradient":""}},"pgc_sgb_lightbox_settings":"","footnotes":""},"categories":[70],"tags":[],"class_list":["post-4551","post","type-post","status-publish","format-standard","has-post-thumbnail","hentry","category-malvinas"],"_links":{"self":[{"href":"https:\/\/deportesmil.com\/index.php?rest_route=\/wp\/v2\/posts\/4551","targetHints":{"allow":["GET"]}}],"collection":[{"href":"https:\/\/deportesmil.com\/index.php?rest_route=\/wp\/v2\/posts"}],"about":[{"href":"https:\/\/deportesmil.com\/index.php?rest_route=\/wp\/v2\/types\/post"}],"author":[{"embeddable":true,"href":"https:\/\/deportesmil.com\/index.php?rest_route=\/wp\/v2\/users\/1"}],"replies":[{"embeddable":true,"href":"https:\/\/deportesmil.com\/index.php?rest_route=%2Fwp%2Fv2%2Fcomments&post=4551"}],"version-history":[{"count":8,"href":"https:\/\/deportesmil.com\/index.php?rest_route=\/wp\/v2\/posts\/4551\/revisions"}],"predecessor-version":[{"id":4561,"href":"https:\/\/deportesmil.com\/index.php?rest_route=\/wp\/v2\/posts\/4551\/revisions\/4561"}],"wp:featuredmedia":[{"embeddable":true,"href":"https:\/\/deportesmil.com\/index.php?rest_route=\/wp\/v2\/media\/4552"}],"wp:attachment":[{"href":"https:\/\/deportesmil.com\/index.php?rest_route=%2Fwp%2Fv2%2Fmedia&parent=4551"}],"wp:term":[{"taxonomy":"category","embeddable":true,"href":"https:\/\/deportesmil.com\/index.php?rest_route=%2Fwp%2Fv2%2Fcategories&post=4551"},{"taxonomy":"post_tag","embeddable":true,"href":"https:\/\/deportesmil.com\/index.php?rest_route=%2Fwp%2Fv2%2Ftags&post=4551"}],"curies":[{"name":"wp","href":"https:\/\/api.w.org\/{rel}","templated":true}]}}