{"id":3946,"date":"2021-09-15T20:32:16","date_gmt":"2021-09-15T23:32:16","guid":{"rendered":"https:\/\/deportesmil.com\/?p=3946"},"modified":"2021-09-30T12:18:37","modified_gmt":"2021-09-30T15:18:37","slug":"malvinas-cuatro-gendarmes-que-estaban-en-una-tumba-comun-en-darwin-fueron-identificados","status":"publish","type":"post","link":"https:\/\/deportesmil.com\/?p=3946","title":{"rendered":"MALVINAS: CUATRO GENDARMES QUE ESTABAN EN UNA TUMBA COM\u00daN EN DARWIN FUERON IDENTIFICADOS"},"content":{"rendered":"\t\t<div data-elementor-type=\"wp-post\" data-elementor-id=\"3946\" class=\"elementor elementor-3946\" data-elementor-settings=\"{&quot;ha_cmc_init_switcher&quot;:&quot;no&quot;}\">\n\t\t\t\t\t\t<section class=\"elementor-section elementor-top-section elementor-element elementor-element-d1d4f64 elementor-section-full_width elementor-section-height-default elementor-section-height-default wpr-particle-no wpr-jarallax-no wpr-parallax-no wpr-sticky-section-no wpr-equal-height-no\" data-id=\"d1d4f64\" data-element_type=\"section\" data-e-type=\"section\" data-settings=\"{&quot;_ha_eqh_enable&quot;:false}\">\n\t\t\t\t\t\t<div class=\"elementor-container elementor-column-gap-default\">\n\t\t\t\t\t<div class=\"elementor-column elementor-col-100 elementor-top-column elementor-element elementor-element-d45515f contenedor-glassdos\" data-id=\"d45515f\" data-element_type=\"column\" data-e-type=\"column\">\n\t\t\t<div class=\"elementor-widget-wrap elementor-element-populated\">\n\t\t\t\t\t\t<section class=\"elementor-section elementor-inner-section elementor-element elementor-element-02d8a33 elementor-section-full_width elementor-section-height-default elementor-section-height-default wpr-particle-no wpr-jarallax-no wpr-parallax-no wpr-sticky-section-no wpr-equal-height-no\" data-id=\"02d8a33\" data-element_type=\"section\" data-e-type=\"section\" data-settings=\"{&quot;_ha_eqh_enable&quot;:false}\">\n\t\t\t\t\t\t<div class=\"elementor-container elementor-column-gap-default\">\n\t\t\t\t\t<div class=\"elementor-column elementor-col-50 elementor-inner-column elementor-element elementor-element-99ed0b8\" data-id=\"99ed0b8\" data-element_type=\"column\" data-e-type=\"column\">\n\t\t\t<div class=\"elementor-widget-wrap elementor-element-populated\">\n\t\t\t\t\t\t<div class=\"elementor-element elementor-element-1d094dc elementor-widget elementor-widget-heading\" data-id=\"1d094dc\" data-element_type=\"widget\" data-e-type=\"widget\" data-widget_type=\"heading.default\">\n\t\t\t\t<div class=\"elementor-widget-container\">\n\t\t\t\t\t<h2 class=\"elementor-heading-title elementor-size-large\">Malvinas: cuatro gendarmes que estaban en una tumba com\u00fan en Darwin fueron identificados<\/h2>\t\t\t\t<\/div>\n\t\t\t\t<\/div>\n\t\t\t\t<div class=\"elementor-element elementor-element-ac07740 elementor-widget elementor-widget-image\" data-id=\"ac07740\" data-element_type=\"widget\" data-e-type=\"widget\" data-widget_type=\"image.default\">\n\t\t\t\t<div class=\"elementor-widget-container\">\n\t\t\t\t\t\t\t\t\t\t\t\t\t\t\t<img fetchpriority=\"high\" decoding=\"async\" width=\"1023\" height=\"682\" src=\"https:\/\/deportesmil.com\/wp-content\/uploads\/2021\/09\/DPMRANSKMJFNJDB74YAEWQOOPE.webp\" class=\"attachment-large size-large wp-image-3948\" alt=\"\" srcset=\"https:\/\/deportesmil.com\/wp-content\/uploads\/2021\/09\/DPMRANSKMJFNJDB74YAEWQOOPE.webp 1023w, https:\/\/deportesmil.com\/wp-content\/uploads\/2021\/09\/DPMRANSKMJFNJDB74YAEWQOOPE-600x400.webp 600w, https:\/\/deportesmil.com\/wp-content\/uploads\/2021\/09\/DPMRANSKMJFNJDB74YAEWQOOPE-300x200.webp 300w, https:\/\/deportesmil.com\/wp-content\/uploads\/2021\/09\/DPMRANSKMJFNJDB74YAEWQOOPE-768x512.webp 768w, https:\/\/deportesmil.com\/wp-content\/uploads\/2021\/09\/DPMRANSKMJFNJDB74YAEWQOOPE-495x330.webp 495w, https:\/\/deportesmil.com\/wp-content\/uploads\/2021\/09\/DPMRANSKMJFNJDB74YAEWQOOPE-270x180.webp 270w\" sizes=\"(max-width: 1023px) 100vw, 1023px\" \/>\t\t\t\t\t\t\t\t\t\t\t\t\t\t\t<\/div>\n\t\t\t\t<\/div>\n\t\t\t\t<div class=\"elementor-element elementor-element-d053620 elementor-widget elementor-widget-text-editor\" data-id=\"d053620\" data-element_type=\"widget\" data-e-type=\"widget\" data-widget_type=\"text-editor.default\">\n\t\t\t\t<div class=\"elementor-widget-container\">\n\t\t\t\t\t\t\t\t\t<p>Son el subalf\u00e9rez Guillermo Nasif, el cabo primero Marciano Ver\u00f3n, el cabo Carlos Misael Pereyra y el gendarme Juan Carlos Treppo.<\/p><p>\u00a0<\/p><p>Este martes se conoci\u00f3 que cuatro gendarmes argentinos que estaban enterrados en una tumba com\u00fan en Darwin, en Malvinas, fueron identificados en el marco del nuevo Plan de Proyecto Humanitario (PPF2) que llev\u00f3 adelante el Comit\u00e9 Internacional de la Cruz Roja (CICR) junto al Equipo de Argentino de Antropolog\u00eda Forense (EAAF).<\/p><p>\u00a0<\/p><p>Los cuatro nuevos identificados son el subalf\u00e9rez Guillermo Nasif, el cabo primero Marciano Ver\u00f3n, el cabo Carlos Misael Pereyra y el gendarme Juan Carlos Treppo. Por su parte, del 1er Alf\u00e9rez Ricardo Julio S\u00e1nchez, inhumado en la tumba C.1.10 y ya identificado, se pudo confirmar fehacientemente la identidad.<\/p><p>\u00a0<\/p><p>Tambi\u00e9n se reasociaron restos \u00f3seos del Cabo Primero V\u00edctor Samuel Guerrero, quien se encuentra inhumado en una tumba individual del mismo cementerio. Los 6 gendarmes murieron en combate en el mismo evento.<\/p><p>\u00a0<\/p><p>Las nuevas cuatro identificaciones del PPH2 se suman a las 115 del PPH1, llegando as\u00ed los 119 ex combatientes de Malvinas -que antes figuraban como \u201cS\u00f3lo conocidos por Dios\u201d- que ahora una tumba con su nombre donde homenajearlos.<\/p><div class=\"container undefined\"><div class=\"clearfix\"><div id=\"caja2\" class=\"banner-inner\" data-section=\"inicio\" data-name=\"Nota rectangle2\">\u00a0<\/div><\/div><\/div><p>En el caso de las cuatro \u00faltimas identificaciones, las familias ya recibieron la notificaci\u00f3n del hallazgo. Seg\u00fan un comunicado de Canciller\u00eda, los mismos expresaron su voluntad respecto del lugar de descanso de sus familiares en el Cementerio de Darwin: en algunos casos han preferido que los restos de sus familiares permanezcan juntos y en otros han optado por tumbas separadas, se\u00f1ala\u00a0<a href=\"https:\/\/www.infobae.com\/sociedad\/2021\/09\/14\/malvinas-identificaron-a-cuatro-gendarmes-que-estaban-enterrados-en-una-tumba-comun-del-cementerio-de-darwin\/\" target=\"_blank\" rel=\"noopener\">Infobae<\/a>.<\/p><p>Fue una nueva gesta antropol\u00f3gica: el segundo acuerdo firmado entre Reino Unido, Argentina y el Comit\u00e9 Internacional de la Cruz Roja (CICR), un programa que hab\u00eda sido premiado y reconocido en noviembre de 2018 en Ginebra, Suiza. En el proyecto intervino el Equipo Argentino de Antropolog\u00eda Forense (EAAF), una ONG cient\u00edfica global sin fines de lucro que hab\u00eda participado tambi\u00e9n en el primer proceso de identificaci\u00f3n de combatientes.<\/p><p>Pasaron solo 19 d\u00edas. El vuelo proveniente del aeropuerto de Mount Pleasant en las Islas Malvinas hab\u00eda aterrizado en el Aeropuerto Internacional Ingeniero Ambrosio Taravella de la provincia de C\u00f3rdoba a las 14:09 del jueves 26 de agosto.<\/p><p>\u00a0<\/p><p>Luis Fondebrider, titular de la Direcci\u00f3n de la Unidad Forense de la Cruz Roja Internacional, cargaba la caja con la inscripci\u00f3n D.C.1.10 que conservaba las muestras de ADN de los cinco soldados.<\/p><p>\u00a0<\/p><p>Este martes se anunci\u00f3 la identificaci\u00f3n de esos restos y se corroboraron las hip\u00f3tesis: esos cuerpos eran los del Grupo Alacr\u00e1n, muertos el 30 de mayo de 1982.<\/p><p>\u00a0<\/p><p>El vuelo privado que permiti\u00f3 devolverle la identidad a los soldados ca\u00eddos fue provisto por el empresario Eduardo Eurnekian de Aeropuertos Argentina 2000, quien a su vez hizo posible los dos viajes de los familiares de soldados recientemente identificados a Darwin, tanto en 2018 como en 2019.<\/p>\t\t\t\t\t\t\t\t<\/div>\n\t\t\t\t<\/div>\n\t\t\t\t<div class=\"elementor-element elementor-element-3e5d8ab elementor-button-info elementor-align-right elementor-widget elementor-widget-button\" data-id=\"3e5d8ab\" data-element_type=\"widget\" data-e-type=\"widget\" data-widget_type=\"button.default\">\n\t\t\t\t<div class=\"elementor-widget-container\">\n\t\t\t\t\t\t\t\t\t<div class=\"elementor-button-wrapper\">\n\t\t\t\t\t<a class=\"elementor-button elementor-button-link elementor-size-sm\" href=\"https:\/\/www.lavoz.com.ar\/politica\/malvinas-cuatro-gendarmes-que-estaban-en-una-tumba-comun-en-darwin-fueron-identificados\/\">\n\t\t\t\t\t\t<span class=\"elementor-button-content-wrapper\">\n\t\t\t\t\t\t<span class=\"elementor-button-icon\">\n\t\t\t\t<i aria-hidden=\"true\" class=\"fas fa-arrow-right\"><\/i>\t\t\t<\/span>\n\t\t\t\t\t\t\t\t\t<span class=\"elementor-button-text\">Ver nota original<\/span>\n\t\t\t\t\t<\/span>\n\t\t\t\t\t<\/a>\n\t\t\t\t<\/div>\n\t\t\t\t\t\t\t\t<\/div>\n\t\t\t\t<\/div>\n\t\t\t\t<div class=\"elementor-element elementor-element-9e88cae elementor-widget elementor-widget-heading\" data-id=\"9e88cae\" data-element_type=\"widget\" data-e-type=\"widget\" data-widget_type=\"heading.default\">\n\t\t\t\t<div class=\"elementor-widget-container\">\n\t\t\t\t\t<p class=\"elementor-heading-title elementor-size-small\"><a href=\"https:\/\/www.lavoz.com.ar\/politica\/malvinas-cuatro-gendarmes-que-estaban-en-una-tumba-comun-en-darwin-fueron-identificados\/\">FUENTE: Diario La Voz<\/a><\/p>\t\t\t\t<\/div>\n\t\t\t\t<\/div>\n\t\t\t\t\t<\/div>\n\t\t<\/div>\n\t\t\t\t<div class=\"elementor-column elementor-col-50 elementor-inner-column elementor-element elementor-element-7b6c15c\" data-id=\"7b6c15c\" data-element_type=\"column\" data-e-type=\"column\">\n\t\t\t<div class=\"elementor-widget-wrap elementor-element-populated\">\n\t\t\t\t\t\t<div class=\"elementor-element elementor-element-114a53e elementor-widget elementor-widget-sidebar\" data-id=\"114a53e\" data-element_type=\"widget\" data-e-type=\"widget\" data-widget_type=\"sidebar.default\">\n\t\t\t\t<div class=\"elementor-widget-container\">\n\t\t\t\t\t<aside id=\"search-3\" class=\"widget widget_search\"><form  class=\"is-search-form is-form-style is-form-style-3 is-form-id-2484 \" action=\"https:\/\/deportesmil.com\/\" method=\"get\" role=\"search\" ><label for=\"is-search-input-2484\"><span class=\"is-screen-reader-text\">Buscar:<\/span><input  type=\"search\" id=\"is-search-input-2484\" name=\"s\" value=\"\" class=\"is-search-input\" placeholder=\"Busqueda...\" autocomplete=off \/><\/label><button type=\"submit\" class=\"is-search-submit\"><span class=\"is-screen-reader-text\">Bot\u00f3n de b\u00fasqueda<\/span><span class=\"is-search-icon\"><svg focusable=\"false\" aria-label=\"Buscar\" xmlns=\"http:\/\/www.w3.org\/2000\/svg\" viewBox=\"0 0 24 24\" width=\"24px\"><path d=\"M15.5 14h-.79l-.28-.27C15.41 12.59 16 11.11 16 9.5 16 5.91 13.09 3 9.5 3S3 5.91 3 9.5 5.91 16 9.5 16c1.61 0 3.09-.59 4.23-1.57l.27.28v.79l5 4.99L20.49 19l-4.99-5zm-6 0C7.01 14 5 11.99 5 9.5S7.01 5 9.5 5 14 7.01 14 9.5 11.99 14 9.5 14z\"><\/path><\/svg><\/span><\/button><input type=\"hidden\" name=\"post_type\" value=\"post\" \/><\/form><\/aside>\n\t\t<aside id=\"recent-posts-3\" class=\"widget widget_recent_entries\">\n\t\t<h2 class=\"widget-title\">Entradas recientes<\/h2><nav aria-label=\"Entradas recientes\">\n\t\t<ul>\n\t\t\t\t\t\t\t\t\t\t\t<li>\n\t\t\t\t\t<a href=\"https:\/\/deportesmil.com\/?p=7602\">02 DE ABRIL: D\u00eda del Veterano y de los Ca\u00eddos en las Malvinas<\/a>\n\t\t\t\t\t\t\t\t\t\t\t<span class=\"post-date\">2-abril-2026<\/span>\n\t\t\t\t\t\t\t\t\t<\/li>\n\t\t\t\t\t\t\t\t\t\t\t<li>\n\t\t\t\t\t<a href=\"https:\/\/deportesmil.com\/?p=7588\">Paz a sus restos.<\/a>\n\t\t\t\t\t\t\t\t\t\t\t<span class=\"post-date\">25-marzo-2026<\/span>\n\t\t\t\t\t\t\t\t\t<\/li>\n\t\t\t\t\t\t\t\t\t\t\t<li>\n\t\t\t\t\t<a href=\"https:\/\/deportesmil.com\/?p=7569\">Motoencuentro \u201cH\u00e9roes de Malvinas\u201d 2025<\/a>\n\t\t\t\t\t\t\t\t\t\t\t<span class=\"post-date\">19-agosto-2025<\/span>\n\t\t\t\t\t\t\t\t\t<\/li>\n\t\t\t\t\t\t\t\t\t\t\t<li>\n\t\t\t\t\t<a href=\"https:\/\/deportesmil.com\/?p=7560\">Aniversario del Ej\u00e9rcito Nacional de Colombia<\/a>\n\t\t\t\t\t\t\t\t\t\t\t<span class=\"post-date\">7-agosto-2025<\/span>\n\t\t\t\t\t\t\t\t\t<\/li>\n\t\t\t\t\t\t\t\t\t\t\t<li>\n\t\t\t\t\t<a href=\"https:\/\/deportesmil.com\/?p=7544\">29 de Mayo: D\u00eda del Ej\u00e9rcito<\/a>\n\t\t\t\t\t\t\t\t\t\t\t<span class=\"post-date\">29-mayo-2025<\/span>\n\t\t\t\t\t\t\t\t\t<\/li>\n\t\t\t\t\t\t\t\t\t\t\t<li>\n\t\t\t\t\t<a href=\"https:\/\/deportesmil.com\/?p=7534\">Edici\u00f3n Marzo 2025<\/a>\n\t\t\t\t\t\t\t\t\t\t\t<span class=\"post-date\">19-mayo-2025<\/span>\n\t\t\t\t\t\t\t\t\t<\/li>\n\t\t\t\t\t\t\t\t\t\t\t<li>\n\t\t\t\t\t<a href=\"https:\/\/deportesmil.com\/?p=7455\">\u00a1Feliz Aniversario, Promoci\u00f3n 36 de Infanter\u00eda de Marina!<\/a>\n\t\t\t\t\t\t\t\t\t\t\t<span class=\"post-date\">27-abril-2025<\/span>\n\t\t\t\t\t\t\t\t\t<\/li>\n\t\t\t\t\t\t\t\t\t\t\t<li>\n\t\t\t\t\t<a href=\"https:\/\/deportesmil.com\/?p=7447\">21 de Abril: Muere el Papa Francisco a los 88 a\u00f1os de edad<\/a>\n\t\t\t\t\t\t\t\t\t\t\t<span class=\"post-date\">22-abril-2025<\/span>\n\t\t\t\t\t\t\t\t\t<\/li>\n\t\t\t\t\t<\/ul>\n\n\t\t<\/nav><\/aside><aside id=\"archives-3\" class=\"widget widget_archive\"><h2 class=\"widget-title\">Archivos<\/h2><nav aria-label=\"Archivos\">\n\t\t\t<ul>\n\t\t\t\t\t<li><a href='https:\/\/deportesmil.com\/?m=202604'>abril 2026<\/a>&nbsp;(1)<\/li>\n\t<li><a href='https:\/\/deportesmil.com\/?m=202603'>marzo 2026<\/a>&nbsp;(1)<\/li>\n\t<li><a href='https:\/\/deportesmil.com\/?m=202508'>agosto 2025<\/a>&nbsp;(2)<\/li>\n\t<li><a href='https:\/\/deportesmil.com\/?m=202505'>mayo 2025<\/a>&nbsp;(2)<\/li>\n\t<li><a href='https:\/\/deportesmil.com\/?m=202504'>abril 2025<\/a>&nbsp;(3)<\/li>\n\t<li><a href='https:\/\/deportesmil.com\/?m=202412'>diciembre 2024<\/a>&nbsp;(1)<\/li>\n\t<li><a href='https:\/\/deportesmil.com\/?m=202405'>mayo 2024<\/a>&nbsp;(5)<\/li>\n\t<li><a href='https:\/\/deportesmil.com\/?m=202404'>abril 2024<\/a>&nbsp;(3)<\/li>\n\t<li><a href='https:\/\/deportesmil.com\/?m=202403'>marzo 2024<\/a>&nbsp;(3)<\/li>\n\t<li><a href='https:\/\/deportesmil.com\/?m=202402'>febrero 2024<\/a>&nbsp;(1)<\/li>\n\t<li><a href='https:\/\/deportesmil.com\/?m=202311'>noviembre 2023<\/a>&nbsp;(2)<\/li>\n\t<li><a href='https:\/\/deportesmil.com\/?m=202310'>octubre 2023<\/a>&nbsp;(1)<\/li>\n\t<li><a href='https:\/\/deportesmil.com\/?m=202309'>septiembre 2023<\/a>&nbsp;(2)<\/li>\n\t<li><a href='https:\/\/deportesmil.com\/?m=202308'>agosto 2023<\/a>&nbsp;(4)<\/li>\n\t<li><a href='https:\/\/deportesmil.com\/?m=202307'>julio 2023<\/a>&nbsp;(4)<\/li>\n\t<li><a href='https:\/\/deportesmil.com\/?m=202306'>junio 2023<\/a>&nbsp;(4)<\/li>\n\t<li><a href='https:\/\/deportesmil.com\/?m=202305'>mayo 2023<\/a>&nbsp;(7)<\/li>\n\t<li><a href='https:\/\/deportesmil.com\/?m=202304'>abril 2023<\/a>&nbsp;(1)<\/li>\n\t<li><a href='https:\/\/deportesmil.com\/?m=202302'>febrero 2023<\/a>&nbsp;(2)<\/li>\n\t<li><a href='https:\/\/deportesmil.com\/?m=202301'>enero 2023<\/a>&nbsp;(1)<\/li>\n\t<li><a href='https:\/\/deportesmil.com\/?m=202212'>diciembre 2022<\/a>&nbsp;(2)<\/li>\n\t<li><a href='https:\/\/deportesmil.com\/?m=202211'>noviembre 2022<\/a>&nbsp;(4)<\/li>\n\t<li><a href='https:\/\/deportesmil.com\/?m=202210'>octubre 2022<\/a>&nbsp;(4)<\/li>\n\t<li><a href='https:\/\/deportesmil.com\/?m=202209'>septiembre 2022<\/a>&nbsp;(1)<\/li>\n\t<li><a href='https:\/\/deportesmil.com\/?m=202208'>agosto 2022<\/a>&nbsp;(2)<\/li>\n\t<li><a href='https:\/\/deportesmil.com\/?m=202207'>julio 2022<\/a>&nbsp;(1)<\/li>\n\t<li><a href='https:\/\/deportesmil.com\/?m=202206'>junio 2022<\/a>&nbsp;(1)<\/li>\n\t<li><a href='https:\/\/deportesmil.com\/?m=202205'>mayo 2022<\/a>&nbsp;(9)<\/li>\n\t<li><a href='https:\/\/deportesmil.com\/?m=202204'>abril 2022<\/a>&nbsp;(2)<\/li>\n\t<li><a href='https:\/\/deportesmil.com\/?m=202203'>marzo 2022<\/a>&nbsp;(1)<\/li>\n\t<li><a href='https:\/\/deportesmil.com\/?m=202202'>febrero 2022<\/a>&nbsp;(3)<\/li>\n\t<li><a href='https:\/\/deportesmil.com\/?m=202111'>noviembre 2021<\/a>&nbsp;(4)<\/li>\n\t<li><a href='https:\/\/deportesmil.com\/?m=202110'>octubre 2021<\/a>&nbsp;(3)<\/li>\n\t<li><a href='https:\/\/deportesmil.com\/?m=202109'>septiembre 2021<\/a>&nbsp;(7)<\/li>\n\t<li><a href='https:\/\/deportesmil.com\/?m=202108'>agosto 2021<\/a>&nbsp;(4)<\/li>\n\t<li><a href='https:\/\/deportesmil.com\/?m=202107'>julio 2021<\/a>&nbsp;(1)<\/li>\n\t<li><a href='https:\/\/deportesmil.com\/?m=202106'>junio 2021<\/a>&nbsp;(7)<\/li>\n\t<li><a href='https:\/\/deportesmil.com\/?m=202004'>abril 2020<\/a>&nbsp;(2)<\/li>\n\t<li><a href='https:\/\/deportesmil.com\/?m=201304'>abril 2013<\/a>&nbsp;(1)<\/li>\n\t<li><a href='https:\/\/deportesmil.com\/?m=201102'>febrero 2011<\/a>&nbsp;(1)<\/li>\n\t\t\t<\/ul>\n\n\t\t\t<\/nav><\/aside><aside id=\"categories-3\" class=\"widget widget_categories\"><h2 class=\"widget-title\">Categor\u00edas<\/h2><nav aria-label=\"Categor\u00edas\">\n\t\t\t<ul>\n\t\t\t\t\t<li class=\"cat-item cat-item-45\"><a href=\"https:\/\/deportesmil.com\/?cat=45\">Deportes<\/a> (13)\n<\/li>\n\t<li class=\"cat-item cat-item-135\"><a href=\"https:\/\/deportesmil.com\/?cat=135\">Econom\u00eda y Finanzas<\/a> (2)\n<\/li>\n\t<li class=\"cat-item cat-item-47\"><a href=\"https:\/\/deportesmil.com\/?cat=47\">Ediciones Impresas (Digitalizadas)<\/a> (2)\n<\/li>\n\t<li class=\"cat-item cat-item-75\"><a href=\"https:\/\/deportesmil.com\/?cat=75\">Eventos<\/a> (1)\n<\/li>\n\t<li class=\"cat-item cat-item-70\"><a href=\"https:\/\/deportesmil.com\/?cat=70\">Malvinas<\/a> (11)\n<\/li>\n\t<li class=\"cat-item cat-item-46\"><a href=\"https:\/\/deportesmil.com\/?cat=46\">Noticias de Inter\u00e9s<\/a> (91)\n<\/li>\n\t\t\t<\/ul>\n\n\t\t\t<\/nav><\/aside><aside id=\"meta-3\" class=\"widget widget_meta\"><h2 class=\"widget-title\">Opciones de Usuario<\/h2><nav aria-label=\"Opciones de Usuario\">\n\t\t<ul>\n\t\t\t\t\t\t<li><a href=\"https:\/\/deportesmil.com\/?panel-admweb\">Acceder<\/a><\/li>\n\t\t\t<li><a href=\"https:\/\/deportesmil.com\/?feed=rss2\">Feed de entradas<\/a><\/li>\n\t\t\t<li><a href=\"https:\/\/deportesmil.com\/?feed=comments-rss2\">Feed de comentarios<\/a><\/li>\n\n\t\t\t<li><a href=\"https:\/\/es.wordpress.org\/\">WordPress.org<\/a><\/li>\n\t\t<\/ul>\n\n\t\t<\/nav><\/aside>\t\t\t\t<\/div>\n\t\t\t\t<\/div>\n\t\t\t\t\t<\/div>\n\t\t<\/div>\n\t\t\t\t\t<\/div>\n\t\t<\/section>\n\t\t\t\t\t<\/div>\n\t\t<\/div>\n\t\t\t\t\t<\/div>\n\t\t<\/section>\n\t\t\t\t<section class=\"elementor-section elementor-top-section elementor-element elementor-element-3c964ed elementor-section-full_width elementor-section-height-default elementor-section-height-default wpr-particle-no wpr-jarallax-no wpr-parallax-no wpr-sticky-section-no wpr-equal-height-no\" data-id=\"3c964ed\" data-element_type=\"section\" data-e-type=\"section\" data-settings=\"{&quot;_ha_eqh_enable&quot;:false}\">\n\t\t\t\t\t\t<div class=\"elementor-container elementor-column-gap-default\">\n\t\t\t\t\t<div class=\"elementor-column elementor-col-100 elementor-top-column elementor-element elementor-element-beb5e1b\" data-id=\"beb5e1b\" data-element_type=\"column\" data-e-type=\"column\">\n\t\t\t<div class=\"elementor-widget-wrap elementor-element-populated\">\n\t\t\t\t\t\t<div class=\"elementor-element elementor-element-80ecac0 elementor-widget elementor-widget-spacer\" data-id=\"80ecac0\" data-element_type=\"widget\" data-e-type=\"widget\" data-widget_type=\"spacer.default\">\n\t\t\t\t<div class=\"elementor-widget-container\">\n\t\t\t\t\t\t\t<div class=\"elementor-spacer\">\n\t\t\t<div class=\"elementor-spacer-inner\"><\/div>\n\t\t<\/div>\n\t\t\t\t\t\t<\/div>\n\t\t\t\t<\/div>\n\t\t\t\t\t<\/div>\n\t\t<\/div>\n\t\t\t\t\t<\/div>\n\t\t<\/section>\n\t\t\t\t<\/div>\n\t\t","protected":false},"excerpt":{"rendered":"<p>Malvinas: cuatro gendarmes que estaban en una tumba com\u00fan en Darwin fueron identificados Son el subalf\u00e9rez Guillermo Nasif, el cabo primero Marciano Ver\u00f3n, el cabo Carlos Misael Pereyra y el gendarme Juan Carlos Treppo. Este martes se conoci\u00f3 que cuatro gendarmes argentinos que estaban enterrados en una tumba com\u00fan en Darwin, en Malvinas, fueron identificados en el marco del nuevo Plan de Proyecto Humanitario (PPF2) que llev\u00f3 adelante el Comit\u00e9 Internacional de la Cruz Roja (CICR) junto al Equipo de Argentino de Antropolog\u00eda Forense (EAAF). Los cuatro nuevos identificados son el subalf\u00e9rez Guillermo Nasif, el cabo primero Marciano Ver\u00f3n, el cabo Carlos Misael Pereyra y el gendarme Juan Carlos Treppo. Por su parte, del 1er Alf\u00e9rez Ricardo Julio S\u00e1nchez, inhumado en la tumba C.1.10 y ya identificado, se pudo confirmar fehacientemente la identidad. Tambi\u00e9n se reasociaron restos \u00f3seos del Cabo Primero V\u00edctor Samuel Guerrero, quien se encuentra inhumado en una tumba individual del mismo cementerio. Los 6 gendarmes murieron en combate en el mismo evento. Las nuevas cuatro identificaciones del PPH2 se suman a las 115 del PPH1, llegando as\u00ed los 119 ex combatientes de Malvinas -que antes figuraban como \u201cS\u00f3lo conocidos por Dios\u201d- que ahora una tumba con su nombre donde homenajearlos. En el caso de las cuatro \u00faltimas identificaciones, las familias ya recibieron la notificaci\u00f3n del hallazgo. Seg\u00fan un comunicado de Canciller\u00eda, los mismos expresaron su voluntad respecto del lugar de descanso de sus familiares en el Cementerio de Darwin: en algunos casos han preferido que los restos de sus familiares permanezcan juntos y en otros han optado por tumbas separadas, se\u00f1ala&nbsp;Infobae. Fue una nueva gesta antropol\u00f3gica: el segundo acuerdo firmado entre Reino Unido, Argentina y el Comit\u00e9 Internacional de la Cruz Roja (CICR), un programa que hab\u00eda sido premiado y reconocido en noviembre de 2018 en Ginebra, Suiza. En el proyecto intervino el Equipo Argentino de Antropolog\u00eda Forense (EAAF), una ONG cient\u00edfica global sin fines de lucro que hab\u00eda participado tambi\u00e9n en el primer proceso de identificaci\u00f3n de combatientes. Pasaron solo 19 d\u00edas. El vuelo proveniente del aeropuerto de Mount Pleasant en las Islas Malvinas hab\u00eda aterrizado en el Aeropuerto Internacional Ingeniero Ambrosio Taravella de la provincia de C\u00f3rdoba a las 14:09 del jueves 26 de agosto. Luis Fondebrider, titular de la Direcci\u00f3n de la Unidad Forense de la Cruz Roja Internacional, cargaba la caja con la inscripci\u00f3n D.C.1.10 que conservaba las muestras de ADN de los cinco soldados. Este martes se anunci\u00f3 la identificaci\u00f3n de esos restos y se corroboraron las hip\u00f3tesis: esos cuerpos eran los del Grupo Alacr\u00e1n, muertos el 30 de mayo de 1982. El vuelo privado que permiti\u00f3 devolverle la identidad a los soldados ca\u00eddos fue provisto por el empresario Eduardo Eurnekian de Aeropuertos Argentina 2000, quien a su vez hizo posible los dos viajes de los familiares de soldados recientemente identificados a Darwin, tanto en 2018 como en 2019. Ver nota original FUENTE: Diario La Voz<\/p>\n","protected":false},"author":1,"featured_media":3948,"comment_status":"open","ping_status":"open","sticky":false,"template":"elementor_header_footer","format":"standard","meta":{"site-sidebar-layout":"default","site-content-layout":"page-builder","ast-site-content-layout":"default","site-content-style":"default","site-sidebar-style":"default","ast-global-header-display":"","ast-banner-title-visibility":"","ast-main-header-display":"","ast-hfb-above-header-display":"","ast-hfb-below-header-display":"","ast-hfb-mobile-header-display":"","site-post-title":"","ast-breadcrumbs-content":null,"ast-featured-img":"","footer-sml-layout":"","ast-disable-related-posts":"","theme-transparent-header-meta":"default","adv-header-id-meta":null,"stick-header-meta":null,"header-above-stick-meta":null,"header-main-stick-meta":null,"header-below-stick-meta":null,"astra-migrate-meta-layouts":"default","ast-page-background-enabled":"default","ast-page-background-meta":{"desktop":{"background-color":"","background-image":"","background-repeat":"repeat","background-position":"center center","background-size":"auto","background-attachment":"scroll","background-type":"","background-media":"","overlay-type":"","overlay-color":"","overlay-opacity":"","overlay-gradient":""},"tablet":{"background-color":"","background-image":"","background-repeat":"repeat","background-position":"center center","background-size":"auto","background-attachment":"scroll","background-type":"","background-media":"","overlay-type":"","overlay-color":"","overlay-opacity":"","overlay-gradient":""},"mobile":{"background-color":"","background-image":"","background-repeat":"repeat","background-position":"center center","background-size":"auto","background-attachment":"scroll","background-type":"","background-media":"","overlay-type":"","overlay-color":"","overlay-opacity":"","overlay-gradient":""}},"ast-content-background-meta":{"desktop":{"background-color":"var(--ast-global-color-5)","background-image":"","background-repeat":"repeat","background-position":"center center","background-size":"auto","background-attachment":"scroll","background-type":"","background-media":"","overlay-type":"","overlay-color":"","overlay-opacity":"","overlay-gradient":""},"tablet":{"background-color":"var(--ast-global-color-5)","background-image":"","background-repeat":"repeat","background-position":"center center","background-size":"auto","background-attachment":"scroll","background-type":"","background-media":"","overlay-type":"","overlay-color":"","overlay-opacity":"","overlay-gradient":""},"mobile":{"background-color":"var(--ast-global-color-5)","background-image":"","background-repeat":"repeat","background-position":"center center","background-size":"auto","background-attachment":"scroll","background-type":"","background-media":"","overlay-type":"","overlay-color":"","overlay-opacity":"","overlay-gradient":""}},"pgc_sgb_lightbox_settings":"","footnotes":""},"categories":[70,46],"tags":[],"class_list":["post-3946","post","type-post","status-publish","format-standard","has-post-thumbnail","hentry","category-malvinas","category-info-web-deportesmil"],"_links":{"self":[{"href":"https:\/\/deportesmil.com\/index.php?rest_route=\/wp\/v2\/posts\/3946","targetHints":{"allow":["GET"]}}],"collection":[{"href":"https:\/\/deportesmil.com\/index.php?rest_route=\/wp\/v2\/posts"}],"about":[{"href":"https:\/\/deportesmil.com\/index.php?rest_route=\/wp\/v2\/types\/post"}],"author":[{"embeddable":true,"href":"https:\/\/deportesmil.com\/index.php?rest_route=\/wp\/v2\/users\/1"}],"replies":[{"embeddable":true,"href":"https:\/\/deportesmil.com\/index.php?rest_route=%2Fwp%2Fv2%2Fcomments&post=3946"}],"version-history":[{"count":5,"href":"https:\/\/deportesmil.com\/index.php?rest_route=\/wp\/v2\/posts\/3946\/revisions"}],"predecessor-version":[{"id":3952,"href":"https:\/\/deportesmil.com\/index.php?rest_route=\/wp\/v2\/posts\/3946\/revisions\/3952"}],"wp:featuredmedia":[{"embeddable":true,"href":"https:\/\/deportesmil.com\/index.php?rest_route=\/wp\/v2\/media\/3948"}],"wp:attachment":[{"href":"https:\/\/deportesmil.com\/index.php?rest_route=%2Fwp%2Fv2%2Fmedia&parent=3946"}],"wp:term":[{"taxonomy":"category","embeddable":true,"href":"https:\/\/deportesmil.com\/index.php?rest_route=%2Fwp%2Fv2%2Fcategories&post=3946"},{"taxonomy":"post_tag","embeddable":true,"href":"https:\/\/deportesmil.com\/index.php?rest_route=%2Fwp%2Fv2%2Ftags&post=3946"}],"curies":[{"name":"wp","href":"https:\/\/api.w.org\/{rel}","templated":true}]}}