{"id":3891,"date":"2011-02-23T11:30:00","date_gmt":"2011-02-23T14:30:00","guid":{"rendered":"https:\/\/deportesmil.com\/?p=3891"},"modified":"2021-09-10T09:37:16","modified_gmt":"2021-09-10T12:37:16","slug":"el-ex-arbitro-daniel-gimenez-hablo-de-todo","status":"publish","type":"post","link":"https:\/\/deportesmil.com\/?p=3891","title":{"rendered":"EL EX \u00c1RBITRO DANIEL GIM\u00c9NEZ HABL\u00d3 DE TODO"},"content":{"rendered":"\t\t<div data-elementor-type=\"wp-post\" data-elementor-id=\"3891\" class=\"elementor elementor-3891\" data-elementor-settings=\"{&quot;ha_cmc_init_switcher&quot;:&quot;no&quot;}\">\n\t\t\t\t\t\t<section class=\"elementor-section elementor-top-section elementor-element elementor-element-d1d4f64 elementor-section-full_width elementor-section-height-default elementor-section-height-default wpr-particle-no wpr-jarallax-no wpr-parallax-no wpr-sticky-section-no wpr-equal-height-no\" data-id=\"d1d4f64\" data-element_type=\"section\" data-e-type=\"section\" data-settings=\"{&quot;_ha_eqh_enable&quot;:false}\">\n\t\t\t\t\t\t<div class=\"elementor-container elementor-column-gap-default\">\n\t\t\t\t\t<div class=\"elementor-column elementor-col-100 elementor-top-column elementor-element elementor-element-d45515f contenedor-glassdos\" data-id=\"d45515f\" data-element_type=\"column\" data-e-type=\"column\">\n\t\t\t<div class=\"elementor-widget-wrap elementor-element-populated\">\n\t\t\t\t\t\t<section class=\"elementor-section elementor-inner-section elementor-element elementor-element-d28d7bf elementor-section-full_width elementor-section-height-default elementor-section-height-default wpr-particle-no wpr-jarallax-no wpr-parallax-no wpr-sticky-section-no wpr-equal-height-no\" data-id=\"d28d7bf\" data-element_type=\"section\" data-e-type=\"section\" data-settings=\"{&quot;_ha_eqh_enable&quot;:false}\">\n\t\t\t\t\t\t<div class=\"elementor-container elementor-column-gap-default\">\n\t\t\t\t\t<div class=\"elementor-column elementor-col-50 elementor-inner-column elementor-element elementor-element-6c0b058\" data-id=\"6c0b058\" data-element_type=\"column\" data-e-type=\"column\">\n\t\t\t<div class=\"elementor-widget-wrap\">\n\t\t\t\t\t\t\t<\/div>\n\t\t<\/div>\n\t\t\t\t<div class=\"elementor-column elementor-col-50 elementor-inner-column elementor-element elementor-element-2fb2f8f\" data-id=\"2fb2f8f\" data-element_type=\"column\" data-e-type=\"column\">\n\t\t\t<div class=\"elementor-widget-wrap\">\n\t\t\t\t\t\t\t<\/div>\n\t\t<\/div>\n\t\t\t\t\t<\/div>\n\t\t<\/section>\n\t\t\t\t<section class=\"elementor-section elementor-inner-section elementor-element elementor-element-02d8a33 elementor-section-full_width elementor-section-height-default elementor-section-height-default wpr-particle-no wpr-jarallax-no wpr-parallax-no wpr-sticky-section-no wpr-equal-height-no\" data-id=\"02d8a33\" data-element_type=\"section\" data-e-type=\"section\" data-settings=\"{&quot;_ha_eqh_enable&quot;:false}\">\n\t\t\t\t\t\t<div class=\"elementor-container elementor-column-gap-default\">\n\t\t\t\t\t<div class=\"elementor-column elementor-col-50 elementor-inner-column elementor-element elementor-element-99ed0b8\" data-id=\"99ed0b8\" data-element_type=\"column\" data-e-type=\"column\">\n\t\t\t<div class=\"elementor-widget-wrap elementor-element-populated\">\n\t\t\t\t\t\t<div class=\"elementor-element elementor-element-08ca408 elementor-widget elementor-widget-heading\" data-id=\"08ca408\" data-element_type=\"widget\" data-e-type=\"widget\" data-widget_type=\"heading.default\">\n\t\t\t\t<div class=\"elementor-widget-container\">\n\t\t\t\t\t<h3 class=\"elementor-heading-title elementor-size-xl\">El ex \u00e1rbitro Daniel Gim\u00e9nez habl\u00f3 de todo<\/h3>\t\t\t\t<\/div>\n\t\t\t\t<\/div>\n\t\t\t\t<div class=\"elementor-element elementor-element-1281215 elementor-drop-cap-yes elementor-drop-cap-view-default elementor-widget elementor-widget-text-editor\" data-id=\"1281215\" data-element_type=\"widget\" data-e-type=\"widget\" data-settings=\"{&quot;drop_cap&quot;:&quot;yes&quot;}\" data-widget_type=\"text-editor.default\">\n\t\t\t\t<div class=\"elementor-widget-container\">\n\t\t\t\t\t\t\t\t\t<p>Desde su pol\u00e9mico arbitraje en San Mart\u00edn de San Juan y Hurac\u00e1n, la apretada en Gimnasia-Boca y los \u00e1rbitros actuales, hasta su olvido del minuto de silencio en el Belgrano-Racing del 24 de marzo de 1996.<\/p><p>El ahora suboficial mayor del Ej\u00e9rcito en el Chaco, Daniel Gim\u00e9nez asegur\u00f3 que de los \u00e1rbitros que hoy en d\u00eda dirigen en el f\u00fatbol argentino &#8220;el mejor es Diego Abal&#8221; mientras que se\u00f1ala a Pablo Lunatti como el peor&#8221;.<\/p><p>Mientras remarc\u00f3 que con Roberto Trotta &#8220;nunca me llev\u00e9, no hab\u00eda felling&#8221;, el sargento resalt\u00f3 que &#8220;en el San Mart\u00edn de San Juan-Hurac\u00e1n vi que los jugadores visitantes hac\u00edan tiempo, por eso, les aclar\u00e9 que di los ocho minutos. Y fue all\u00ed cuando lleg\u00f3 el gol de los sanjuaninos que les dio el ascenso&#8221;.<\/p><p>Luego record\u00f3 el Gimnasia de La Plata-Boca. Sobre ell\u00f3 relat\u00f3: &#8220;Termin\u00f3 el primer tiempo con la ventaja del local por 1 a 0 por un penal de Silva que habitualmente no se cobraba. En el entretiempo vino el presidente y dos hombres m\u00e1s y me apretaron por eso suspend\u00ed el partido&#8221;.<\/p><p>Y agreg\u00f3: &#8220;En la reanudaci\u00f3n not\u00e9 que los jugadores de Gimnasia no quer\u00edan ganar y Boca gan\u00f3 4 a 1. Despu\u00e9s me enter\u00e9 que hab\u00edan sido apretados para no favorecer a Estudiantes&#8221;.<\/p><p>En otro segmento de sus declaraciones televisivas el ex \u00e1rbitro record\u00f3 sobre su propia historia personal que &#8220;a los 15 a\u00f1os ingres\u00e9 a la Escuela de Suboficiales y a los 17 egres\u00e9 y fui destinado al sur del pa\u00eds por el tema del conflicto con Chile&#8221; y sobre ello afirm\u00f3: &#8220;Hubiese sido importante para m\u00ed ir a la guerra&#8221; aunque aclar\u00f3 que &#8220;elijo dirigir un River-Boca que ir a la guerra pero si el pa\u00eds est\u00e1 en riesgo soy el primero en ir&#8221;.<\/p><p>Y consultado sobre su olvido del minuto de silencio ese 24 de marzo de 1996 remarc\u00f3: &#8220;Vivimos una guerra donde muri\u00f3 mucha gente y las heridas hay que cerrarlas. Tendr\u00eda que haber un minuto de silencio por los dos lados&#8221;.<\/p><p>Ante ello, legisladores y dirigentes de derechos humanos pidieron que fuera sancionado severamente, pero la AFA s\u00f3lo lo amonest\u00f3. <strong>El fin de semana siguiente, Gim\u00e9nez dirigi\u00f3 Central ante Independiente en Rosario y &#8220;realic\u00e9 un minuto de silencio por los soldados ca\u00eddos en la Guerra de Malvinas&#8221; se\u00f1al\u00f3<\/strong><\/p><p><strong>Fuente<\/strong>: INFOBAE<\/p>\t\t\t\t\t\t\t\t<\/div>\n\t\t\t\t<\/div>\n\t\t\t\t\t<\/div>\n\t\t<\/div>\n\t\t\t\t<div class=\"elementor-column elementor-col-50 elementor-inner-column elementor-element elementor-element-7b6c15c\" data-id=\"7b6c15c\" data-element_type=\"column\" data-e-type=\"column\">\n\t\t\t<div class=\"elementor-widget-wrap elementor-element-populated\">\n\t\t\t\t\t\t<div class=\"elementor-element elementor-element-114a53e elementor-widget elementor-widget-sidebar\" data-id=\"114a53e\" data-element_type=\"widget\" data-e-type=\"widget\" data-widget_type=\"sidebar.default\">\n\t\t\t\t<div class=\"elementor-widget-container\">\n\t\t\t\t\t<aside id=\"search-3\" class=\"widget widget_search\"><form  class=\"is-search-form is-form-style is-form-style-3 is-form-id-2484 \" action=\"https:\/\/deportesmil.com\/\" method=\"get\" role=\"search\" ><label for=\"is-search-input-2484\"><span class=\"is-screen-reader-text\">Buscar:<\/span><input  type=\"search\" id=\"is-search-input-2484\" name=\"s\" value=\"\" class=\"is-search-input\" placeholder=\"Busqueda...\" autocomplete=off \/><\/label><button type=\"submit\" class=\"is-search-submit\"><span class=\"is-screen-reader-text\">Bot\u00f3n de b\u00fasqueda<\/span><span class=\"is-search-icon\"><svg focusable=\"false\" aria-label=\"Buscar\" xmlns=\"http:\/\/www.w3.org\/2000\/svg\" viewBox=\"0 0 24 24\" width=\"24px\"><path d=\"M15.5 14h-.79l-.28-.27C15.41 12.59 16 11.11 16 9.5 16 5.91 13.09 3 9.5 3S3 5.91 3 9.5 5.91 16 9.5 16c1.61 0 3.09-.59 4.23-1.57l.27.28v.79l5 4.99L20.49 19l-4.99-5zm-6 0C7.01 14 5 11.99 5 9.5S7.01 5 9.5 5 14 7.01 14 9.5 11.99 14 9.5 14z\"><\/path><\/svg><\/span><\/button><input type=\"hidden\" name=\"post_type\" value=\"post\" \/><\/form><\/aside>\n\t\t<aside id=\"recent-posts-3\" class=\"widget widget_recent_entries\">\n\t\t<h2 class=\"widget-title\">Entradas recientes<\/h2><nav aria-label=\"Entradas recientes\">\n\t\t<ul>\n\t\t\t\t\t\t\t\t\t\t\t<li>\n\t\t\t\t\t<a href=\"https:\/\/deportesmil.com\/?p=7602\">02 DE ABRIL: D\u00eda del Veterano y de los Ca\u00eddos en las Malvinas<\/a>\n\t\t\t\t\t\t\t\t\t\t\t<span class=\"post-date\">2-abril-2026<\/span>\n\t\t\t\t\t\t\t\t\t<\/li>\n\t\t\t\t\t\t\t\t\t\t\t<li>\n\t\t\t\t\t<a href=\"https:\/\/deportesmil.com\/?p=7588\">Paz a sus restos.<\/a>\n\t\t\t\t\t\t\t\t\t\t\t<span class=\"post-date\">25-marzo-2026<\/span>\n\t\t\t\t\t\t\t\t\t<\/li>\n\t\t\t\t\t\t\t\t\t\t\t<li>\n\t\t\t\t\t<a href=\"https:\/\/deportesmil.com\/?p=7569\">Motoencuentro \u201cH\u00e9roes de Malvinas\u201d 2025<\/a>\n\t\t\t\t\t\t\t\t\t\t\t<span class=\"post-date\">19-agosto-2025<\/span>\n\t\t\t\t\t\t\t\t\t<\/li>\n\t\t\t\t\t\t\t\t\t\t\t<li>\n\t\t\t\t\t<a href=\"https:\/\/deportesmil.com\/?p=7560\">Aniversario del Ej\u00e9rcito Nacional de Colombia<\/a>\n\t\t\t\t\t\t\t\t\t\t\t<span class=\"post-date\">7-agosto-2025<\/span>\n\t\t\t\t\t\t\t\t\t<\/li>\n\t\t\t\t\t\t\t\t\t\t\t<li>\n\t\t\t\t\t<a href=\"https:\/\/deportesmil.com\/?p=7544\">29 de Mayo: D\u00eda del Ej\u00e9rcito<\/a>\n\t\t\t\t\t\t\t\t\t\t\t<span class=\"post-date\">29-mayo-2025<\/span>\n\t\t\t\t\t\t\t\t\t<\/li>\n\t\t\t\t\t\t\t\t\t\t\t<li>\n\t\t\t\t\t<a href=\"https:\/\/deportesmil.com\/?p=7534\">Edici\u00f3n Marzo 2025<\/a>\n\t\t\t\t\t\t\t\t\t\t\t<span class=\"post-date\">19-mayo-2025<\/span>\n\t\t\t\t\t\t\t\t\t<\/li>\n\t\t\t\t\t\t\t\t\t\t\t<li>\n\t\t\t\t\t<a href=\"https:\/\/deportesmil.com\/?p=7455\">\u00a1Feliz Aniversario, Promoci\u00f3n 36 de Infanter\u00eda de Marina!<\/a>\n\t\t\t\t\t\t\t\t\t\t\t<span class=\"post-date\">27-abril-2025<\/span>\n\t\t\t\t\t\t\t\t\t<\/li>\n\t\t\t\t\t\t\t\t\t\t\t<li>\n\t\t\t\t\t<a href=\"https:\/\/deportesmil.com\/?p=7447\">21 de Abril: Muere el Papa Francisco a los 88 a\u00f1os de edad<\/a>\n\t\t\t\t\t\t\t\t\t\t\t<span class=\"post-date\">22-abril-2025<\/span>\n\t\t\t\t\t\t\t\t\t<\/li>\n\t\t\t\t\t<\/ul>\n\n\t\t<\/nav><\/aside><aside id=\"archives-3\" class=\"widget widget_archive\"><h2 class=\"widget-title\">Archivos<\/h2><nav aria-label=\"Archivos\">\n\t\t\t<ul>\n\t\t\t\t\t<li><a href='https:\/\/deportesmil.com\/?m=202604'>abril 2026<\/a>&nbsp;(1)<\/li>\n\t<li><a href='https:\/\/deportesmil.com\/?m=202603'>marzo 2026<\/a>&nbsp;(1)<\/li>\n\t<li><a href='https:\/\/deportesmil.com\/?m=202508'>agosto 2025<\/a>&nbsp;(2)<\/li>\n\t<li><a href='https:\/\/deportesmil.com\/?m=202505'>mayo 2025<\/a>&nbsp;(2)<\/li>\n\t<li><a href='https:\/\/deportesmil.com\/?m=202504'>abril 2025<\/a>&nbsp;(3)<\/li>\n\t<li><a href='https:\/\/deportesmil.com\/?m=202412'>diciembre 2024<\/a>&nbsp;(1)<\/li>\n\t<li><a href='https:\/\/deportesmil.com\/?m=202405'>mayo 2024<\/a>&nbsp;(5)<\/li>\n\t<li><a href='https:\/\/deportesmil.com\/?m=202404'>abril 2024<\/a>&nbsp;(3)<\/li>\n\t<li><a href='https:\/\/deportesmil.com\/?m=202403'>marzo 2024<\/a>&nbsp;(3)<\/li>\n\t<li><a href='https:\/\/deportesmil.com\/?m=202402'>febrero 2024<\/a>&nbsp;(1)<\/li>\n\t<li><a href='https:\/\/deportesmil.com\/?m=202311'>noviembre 2023<\/a>&nbsp;(2)<\/li>\n\t<li><a href='https:\/\/deportesmil.com\/?m=202310'>octubre 2023<\/a>&nbsp;(1)<\/li>\n\t<li><a href='https:\/\/deportesmil.com\/?m=202309'>septiembre 2023<\/a>&nbsp;(2)<\/li>\n\t<li><a href='https:\/\/deportesmil.com\/?m=202308'>agosto 2023<\/a>&nbsp;(4)<\/li>\n\t<li><a href='https:\/\/deportesmil.com\/?m=202307'>julio 2023<\/a>&nbsp;(4)<\/li>\n\t<li><a href='https:\/\/deportesmil.com\/?m=202306'>junio 2023<\/a>&nbsp;(4)<\/li>\n\t<li><a href='https:\/\/deportesmil.com\/?m=202305'>mayo 2023<\/a>&nbsp;(7)<\/li>\n\t<li><a href='https:\/\/deportesmil.com\/?m=202304'>abril 2023<\/a>&nbsp;(1)<\/li>\n\t<li><a href='https:\/\/deportesmil.com\/?m=202302'>febrero 2023<\/a>&nbsp;(2)<\/li>\n\t<li><a href='https:\/\/deportesmil.com\/?m=202301'>enero 2023<\/a>&nbsp;(1)<\/li>\n\t<li><a href='https:\/\/deportesmil.com\/?m=202212'>diciembre 2022<\/a>&nbsp;(2)<\/li>\n\t<li><a href='https:\/\/deportesmil.com\/?m=202211'>noviembre 2022<\/a>&nbsp;(4)<\/li>\n\t<li><a href='https:\/\/deportesmil.com\/?m=202210'>octubre 2022<\/a>&nbsp;(4)<\/li>\n\t<li><a href='https:\/\/deportesmil.com\/?m=202209'>septiembre 2022<\/a>&nbsp;(1)<\/li>\n\t<li><a href='https:\/\/deportesmil.com\/?m=202208'>agosto 2022<\/a>&nbsp;(2)<\/li>\n\t<li><a href='https:\/\/deportesmil.com\/?m=202207'>julio 2022<\/a>&nbsp;(1)<\/li>\n\t<li><a href='https:\/\/deportesmil.com\/?m=202206'>junio 2022<\/a>&nbsp;(1)<\/li>\n\t<li><a href='https:\/\/deportesmil.com\/?m=202205'>mayo 2022<\/a>&nbsp;(9)<\/li>\n\t<li><a href='https:\/\/deportesmil.com\/?m=202204'>abril 2022<\/a>&nbsp;(2)<\/li>\n\t<li><a href='https:\/\/deportesmil.com\/?m=202203'>marzo 2022<\/a>&nbsp;(1)<\/li>\n\t<li><a href='https:\/\/deportesmil.com\/?m=202202'>febrero 2022<\/a>&nbsp;(3)<\/li>\n\t<li><a href='https:\/\/deportesmil.com\/?m=202111'>noviembre 2021<\/a>&nbsp;(4)<\/li>\n\t<li><a href='https:\/\/deportesmil.com\/?m=202110'>octubre 2021<\/a>&nbsp;(3)<\/li>\n\t<li><a href='https:\/\/deportesmil.com\/?m=202109'>septiembre 2021<\/a>&nbsp;(7)<\/li>\n\t<li><a href='https:\/\/deportesmil.com\/?m=202108'>agosto 2021<\/a>&nbsp;(4)<\/li>\n\t<li><a href='https:\/\/deportesmil.com\/?m=202107'>julio 2021<\/a>&nbsp;(1)<\/li>\n\t<li><a href='https:\/\/deportesmil.com\/?m=202106'>junio 2021<\/a>&nbsp;(7)<\/li>\n\t<li><a href='https:\/\/deportesmil.com\/?m=202004'>abril 2020<\/a>&nbsp;(2)<\/li>\n\t<li><a href='https:\/\/deportesmil.com\/?m=201304'>abril 2013<\/a>&nbsp;(1)<\/li>\n\t<li><a href='https:\/\/deportesmil.com\/?m=201102'>febrero 2011<\/a>&nbsp;(1)<\/li>\n\t\t\t<\/ul>\n\n\t\t\t<\/nav><\/aside><aside id=\"categories-3\" class=\"widget widget_categories\"><h2 class=\"widget-title\">Categor\u00edas<\/h2><nav aria-label=\"Categor\u00edas\">\n\t\t\t<ul>\n\t\t\t\t\t<li class=\"cat-item cat-item-45\"><a href=\"https:\/\/deportesmil.com\/?cat=45\">Deportes<\/a> (13)\n<\/li>\n\t<li class=\"cat-item cat-item-135\"><a href=\"https:\/\/deportesmil.com\/?cat=135\">Econom\u00eda y Finanzas<\/a> (2)\n<\/li>\n\t<li class=\"cat-item cat-item-47\"><a href=\"https:\/\/deportesmil.com\/?cat=47\">Ediciones Impresas (Digitalizadas)<\/a> (2)\n<\/li>\n\t<li class=\"cat-item cat-item-75\"><a href=\"https:\/\/deportesmil.com\/?cat=75\">Eventos<\/a> (1)\n<\/li>\n\t<li class=\"cat-item cat-item-70\"><a href=\"https:\/\/deportesmil.com\/?cat=70\">Malvinas<\/a> (11)\n<\/li>\n\t<li class=\"cat-item cat-item-46\"><a href=\"https:\/\/deportesmil.com\/?cat=46\">Noticias de Inter\u00e9s<\/a> (91)\n<\/li>\n\t\t\t<\/ul>\n\n\t\t\t<\/nav><\/aside><aside id=\"meta-3\" class=\"widget widget_meta\"><h2 class=\"widget-title\">Opciones de Usuario<\/h2><nav aria-label=\"Opciones de Usuario\">\n\t\t<ul>\n\t\t\t\t\t\t<li><a href=\"https:\/\/deportesmil.com\/?panel-admweb\">Acceder<\/a><\/li>\n\t\t\t<li><a href=\"https:\/\/deportesmil.com\/?feed=rss2\">Feed de entradas<\/a><\/li>\n\t\t\t<li><a href=\"https:\/\/deportesmil.com\/?feed=comments-rss2\">Feed de comentarios<\/a><\/li>\n\n\t\t\t<li><a href=\"https:\/\/es.wordpress.org\/\">WordPress.org<\/a><\/li>\n\t\t<\/ul>\n\n\t\t<\/nav><\/aside>\t\t\t\t<\/div>\n\t\t\t\t<\/div>\n\t\t\t\t\t<\/div>\n\t\t<\/div>\n\t\t\t\t\t<\/div>\n\t\t<\/section>\n\t\t\t\t\t<\/div>\n\t\t<\/div>\n\t\t\t\t\t<\/div>\n\t\t<\/section>\n\t\t\t\t<section class=\"elementor-section elementor-top-section elementor-element elementor-element-3c964ed elementor-section-full_width elementor-section-height-default elementor-section-height-default wpr-particle-no wpr-jarallax-no wpr-parallax-no wpr-sticky-section-no wpr-equal-height-no\" data-id=\"3c964ed\" data-element_type=\"section\" data-e-type=\"section\" data-settings=\"{&quot;_ha_eqh_enable&quot;:false}\">\n\t\t\t\t\t\t<div class=\"elementor-container elementor-column-gap-default\">\n\t\t\t\t\t<div class=\"elementor-column elementor-col-100 elementor-top-column elementor-element elementor-element-beb5e1b\" data-id=\"beb5e1b\" data-element_type=\"column\" data-e-type=\"column\">\n\t\t\t<div class=\"elementor-widget-wrap elementor-element-populated\">\n\t\t\t\t\t\t<div class=\"elementor-element elementor-element-80ecac0 elementor-widget elementor-widget-spacer\" data-id=\"80ecac0\" data-element_type=\"widget\" data-e-type=\"widget\" data-widget_type=\"spacer.default\">\n\t\t\t\t<div class=\"elementor-widget-container\">\n\t\t\t\t\t\t\t<div class=\"elementor-spacer\">\n\t\t\t<div class=\"elementor-spacer-inner\"><\/div>\n\t\t<\/div>\n\t\t\t\t\t\t<\/div>\n\t\t\t\t<\/div>\n\t\t\t\t\t<\/div>\n\t\t<\/div>\n\t\t\t\t\t<\/div>\n\t\t<\/section>\n\t\t\t\t<\/div>\n\t\t","protected":false},"excerpt":{"rendered":"<p>El ex \u00e1rbitro Daniel Gim\u00e9nez habl\u00f3 de todo Desde su pol\u00e9mico arbitraje en San Mart\u00edn de San Juan y Hurac\u00e1n, la apretada en Gimnasia-Boca y los \u00e1rbitros actuales, hasta su olvido del minuto de silencio en el Belgrano-Racing del 24 de marzo de 1996. El ahora suboficial mayor del Ej\u00e9rcito en el Chaco, Daniel Gim\u00e9nez asegur\u00f3 que de los \u00e1rbitros que hoy en d\u00eda dirigen en el f\u00fatbol argentino &#8220;el mejor es Diego Abal&#8221; mientras que se\u00f1ala a Pablo Lunatti como el peor&#8221;. Mientras remarc\u00f3 que con Roberto Trotta &#8220;nunca me llev\u00e9, no hab\u00eda felling&#8221;, el sargento resalt\u00f3 que &#8220;en el San Mart\u00edn de San Juan-Hurac\u00e1n vi que los jugadores visitantes hac\u00edan tiempo, por eso, les aclar\u00e9 que di los ocho minutos. Y fue all\u00ed cuando lleg\u00f3 el gol de los sanjuaninos que les dio el ascenso&#8221;. Luego record\u00f3 el Gimnasia de La Plata-Boca. Sobre ell\u00f3 relat\u00f3: &#8220;Termin\u00f3 el primer tiempo con la ventaja del local por 1 a 0 por un penal de Silva que habitualmente no se cobraba. En el entretiempo vino el presidente y dos hombres m\u00e1s y me apretaron por eso suspend\u00ed el partido&#8221;. Y agreg\u00f3: &#8220;En la reanudaci\u00f3n not\u00e9 que los jugadores de Gimnasia no quer\u00edan ganar y Boca gan\u00f3 4 a 1. Despu\u00e9s me enter\u00e9 que hab\u00edan sido apretados para no favorecer a Estudiantes&#8221;. En otro segmento de sus declaraciones televisivas el ex \u00e1rbitro record\u00f3 sobre su propia historia personal que &#8220;a los 15 a\u00f1os ingres\u00e9 a la Escuela de Suboficiales y a los 17 egres\u00e9 y fui destinado al sur del pa\u00eds por el tema del conflicto con Chile&#8221; y sobre ello afirm\u00f3: &#8220;Hubiese sido importante para m\u00ed ir a la guerra&#8221; aunque aclar\u00f3 que &#8220;elijo dirigir un River-Boca que ir a la guerra pero si el pa\u00eds est\u00e1 en riesgo soy el primero en ir&#8221;. Y consultado sobre su olvido del minuto de silencio ese 24 de marzo de 1996 remarc\u00f3: &#8220;Vivimos una guerra donde muri\u00f3 mucha gente y las heridas hay que cerrarlas. Tendr\u00eda que haber un minuto de silencio por los dos lados&#8221;. Ante ello, legisladores y dirigentes de derechos humanos pidieron que fuera sancionado severamente, pero la AFA s\u00f3lo lo amonest\u00f3. El fin de semana siguiente, Gim\u00e9nez dirigi\u00f3 Central ante Independiente en Rosario y &#8220;realic\u00e9 un minuto de silencio por los soldados ca\u00eddos en la Guerra de Malvinas&#8221; se\u00f1al\u00f3 Fuente: INFOBAE<\/p>\n","protected":false},"author":1,"featured_media":0,"comment_status":"open","ping_status":"open","sticky":false,"template":"elementor_header_footer","format":"standard","meta":{"site-sidebar-layout":"default","site-content-layout":"page-builder","ast-site-content-layout":"default","site-content-style":"default","site-sidebar-style":"default","ast-global-header-display":"","ast-banner-title-visibility":"","ast-main-header-display":"","ast-hfb-above-header-display":"","ast-hfb-below-header-display":"","ast-hfb-mobile-header-display":"","site-post-title":"","ast-breadcrumbs-content":"","ast-featured-img":"","footer-sml-layout":"","ast-disable-related-posts":"","theme-transparent-header-meta":"default","adv-header-id-meta":"","stick-header-meta":"","header-above-stick-meta":"","header-main-stick-meta":"","header-below-stick-meta":"","astra-migrate-meta-layouts":"default","ast-page-background-enabled":"default","ast-page-background-meta":{"desktop":{"background-color":"","background-image":"","background-repeat":"repeat","background-position":"center center","background-size":"auto","background-attachment":"scroll","background-type":"","background-media":"","overlay-type":"","overlay-color":"","overlay-opacity":"","overlay-gradient":""},"tablet":{"background-color":"","background-image":"","background-repeat":"repeat","background-position":"center center","background-size":"auto","background-attachment":"scroll","background-type":"","background-media":"","overlay-type":"","overlay-color":"","overlay-opacity":"","overlay-gradient":""},"mobile":{"background-color":"","background-image":"","background-repeat":"repeat","background-position":"center center","background-size":"auto","background-attachment":"scroll","background-type":"","background-media":"","overlay-type":"","overlay-color":"","overlay-opacity":"","overlay-gradient":""}},"ast-content-background-meta":{"desktop":{"background-color":"var(--ast-global-color-5)","background-image":"","background-repeat":"repeat","background-position":"center center","background-size":"auto","background-attachment":"scroll","background-type":"","background-media":"","overlay-type":"","overlay-color":"","overlay-opacity":"","overlay-gradient":""},"tablet":{"background-color":"var(--ast-global-color-5)","background-image":"","background-repeat":"repeat","background-position":"center center","background-size":"auto","background-attachment":"scroll","background-type":"","background-media":"","overlay-type":"","overlay-color":"","overlay-opacity":"","overlay-gradient":""},"mobile":{"background-color":"var(--ast-global-color-5)","background-image":"","background-repeat":"repeat","background-position":"center center","background-size":"auto","background-attachment":"scroll","background-type":"","background-media":"","overlay-type":"","overlay-color":"","overlay-opacity":"","overlay-gradient":""}},"pgc_sgb_lightbox_settings":"","footnotes":""},"categories":[45],"tags":[],"class_list":["post-3891","post","type-post","status-publish","format-standard","hentry","category-cat-deportes"],"_links":{"self":[{"href":"https:\/\/deportesmil.com\/index.php?rest_route=\/wp\/v2\/posts\/3891","targetHints":{"allow":["GET"]}}],"collection":[{"href":"https:\/\/deportesmil.com\/index.php?rest_route=\/wp\/v2\/posts"}],"about":[{"href":"https:\/\/deportesmil.com\/index.php?rest_route=\/wp\/v2\/types\/post"}],"author":[{"embeddable":true,"href":"https:\/\/deportesmil.com\/index.php?rest_route=\/wp\/v2\/users\/1"}],"replies":[{"embeddable":true,"href":"https:\/\/deportesmil.com\/index.php?rest_route=%2Fwp%2Fv2%2Fcomments&post=3891"}],"version-history":[{"count":5,"href":"https:\/\/deportesmil.com\/index.php?rest_route=\/wp\/v2\/posts\/3891\/revisions"}],"predecessor-version":[{"id":3896,"href":"https:\/\/deportesmil.com\/index.php?rest_route=\/wp\/v2\/posts\/3891\/revisions\/3896"}],"wp:attachment":[{"href":"https:\/\/deportesmil.com\/index.php?rest_route=%2Fwp%2Fv2%2Fmedia&parent=3891"}],"wp:term":[{"taxonomy":"category","embeddable":true,"href":"https:\/\/deportesmil.com\/index.php?rest_route=%2Fwp%2Fv2%2Fcategories&post=3891"},{"taxonomy":"post_tag","embeddable":true,"href":"https:\/\/deportesmil.com\/index.php?rest_route=%2Fwp%2Fv2%2Ftags&post=3891"}],"curies":[{"name":"wp","href":"https:\/\/api.w.org\/{rel}","templated":true}]}}